{"id":6183,"date":"2017-03-13T03:18:03","date_gmt":"2017-03-13T02:18:03","guid":{"rendered":"http:\/\/alpradio.com\/fr\/?p=6183"},"modified":"2017-03-13T09:27:27","modified_gmt":"2017-03-13T08:27:27","slug":"interview-de-mary-zoo","status":"publish","type":"post","link":"https:\/\/alpradio.com\/fr\/interview-de-mary-zoo\/","title":{"rendered":"Interview de Mary Zoo"},"content":{"rendered":"<p>Pour la deuxi\u00e8me fois, AlpRadio a le plaisir d&rsquo;accueillir <strong>Mary Zoo<\/strong> \ud83d\ude42<br \/>\nElle sort un deuxi\u00e8me album extr\u00eamement abouti qui va r\u00e9jouir les noreilles de tous et toutes.<br \/>\nCet album est \u00e9galement un plaisir pour les yeux ! Effectivement, le c\u00f4t\u00e9 tr\u00e8s original et magnifique du livre qui accompagne le CD est incroyable !!!<br \/>\nChef d&rsquo;\u0153uvre compos\u00e9 d&rsquo;illustrations sign\u00e9es Bahadir Isler et de photos sign\u00e9es par Gaspard Duval prises dans les catacombes de Paris, cet album, Tales From The Undergrund ne va pas vous laisser indiff\u00e9rent. Vernissage au Lac souterrain de St-L\u00e9onard le 18 mars !<\/p>\n<p>www.maryzoo.com<\/p>\n<p>Album et interview \u00e0 d\u00e9couvrir ici !<\/p>\n<p>Rendez-vous <strong>Mardi 14 mars \u00e0 12h00<\/strong><br \/>\nRediffusion : <strong>Mercredi 15 mars \u00e0 18:00<\/strong> <strong>et Vendredi 17 mars \u00e0 11:00<\/strong> !<\/p>\n<p>Belle \u00e9coute \ud83d\ude42<\/p>\n","protected":false},"excerpt":{"rendered":"<p>Pour la deuxi\u00e8me fois, AlpRadio a le plaisir d&rsquo;accueillir Mary Zoo \ud83d\ude42 Elle sort un deuxi\u00e8me album extr\u00eamement abouti qui va r\u00e9jouir les noreilles de tous et toutes. Cet album est \u00e9galement un plaisir pour les yeux ! Effectivement, le c\u00f4t\u00e9 tr\u00e8s original et magnifique du livre qui accompagne le CD est incroyable !!! Chef d&rsquo;\u0153uvre compos\u00e9 d&rsquo;illustrations sign\u00e9es Bahadir Isler et de photos sign\u00e9es [&hellip;]<\/p>\n","protected":false},"author":2,"featured_media":6184,"comment_status":"open","ping_status":"closed","sticky":false,"template":"","format":"standard","meta":{"footnotes":""},"categories":[3],"tags":[],"class_list":["post-6183","post","type-post","status-publish","format-standard","has-post-thumbnail","hentry","category-quoi-de-neuf"],"_links":{"self":[{"href":"https:\/\/alpradio.com\/fr\/wp-json\/wp\/v2\/posts\/6183","targetHints":{"allow":["GET"]}}],"collection":[{"href":"https:\/\/alpradio.com\/fr\/wp-json\/wp\/v2\/posts"}],"about":[{"href":"https:\/\/alpradio.com\/fr\/wp-json\/wp\/v2\/types\/post"}],"author":[{"embeddable":true,"href":"https:\/\/alpradio.com\/fr\/wp-json\/wp\/v2\/users\/2"}],"replies":[{"embeddable":true,"href":"https:\/\/alpradio.com\/fr\/wp-json\/wp\/v2\/comments?post=6183"}],"version-history":[{"count":4,"href":"https:\/\/alpradio.com\/fr\/wp-json\/wp\/v2\/posts\/6183\/revisions"}],"predecessor-version":[{"id":6193,"href":"https:\/\/alpradio.com\/fr\/wp-json\/wp\/v2\/posts\/6183\/revisions\/6193"}],"wp:featuredmedia":[{"embeddable":true,"href":"https:\/\/alpradio.com\/fr\/wp-json\/wp\/v2\/media\/6184"}],"wp:attachment":[{"href":"https:\/\/alpradio.com\/fr\/wp-json\/wp\/v2\/media?parent=6183"}],"wp:term":[{"taxonomy":"category","embeddable":true,"href":"https:\/\/alpradio.com\/fr\/wp-json\/wp\/v2\/categories?post=6183"},{"taxonomy":"post_tag","embeddable":true,"href":"https:\/\/alpradio.com\/fr\/wp-json\/wp\/v2\/tags?post=6183"}],"curies":[{"name":"wp","href":"https:\/\/api.w.org\/{rel}","templated":true}]}}