{"id":6189,"date":"2017-03-13T03:32:59","date_gmt":"2017-03-13T02:32:59","guid":{"rendered":"http:\/\/alpradio.com\/fr\/?p=6189"},"modified":"2017-03-13T03:32:59","modified_gmt":"2017-03-13T02:32:59","slug":"interview-des-fils-du-facteur","status":"publish","type":"post","link":"https:\/\/alpradio.com\/fr\/interview-des-fils-du-facteur\/","title":{"rendered":"Interview des Fils du Facteur"},"content":{"rendered":"<p>C\u2019est la f\u00eate dans notre studioooo ! <strong>Les Fils du Facteur<\/strong> sont l\u00e0 et \u00e7a f\u2019sait longtemps que Laura voulait les inviter pour une interview \ud83d\ude42<\/p>\n<p>Vous avez toujours r\u00eav\u00e9 de vivre deux jolies heures avec Emilien et Sacha ? \u00e7a tombe bien, vous saurez TOUT sur le grouuuupe !<br \/>\nIls vernissent leur nouveau disque \u00ab\u00a0Timbr\u00e9s et affranchis\u00a0\u00bb le 18 mars prochain au Bout du Monde de Vevey et d\u00e9voile de la surprise dans cette interview !<\/p>\n<p>Ils nous confient des anecdotes, parlent de leur merveilleux projet : Le Fabuleux Jukebox par les Fils du Facteur. Racontent aussi leur super rencontre et les \u00e9tats d\u2019\u00e2me de quelques-unes de leur chansons.<\/p>\n<p>En exclusivit\u00e9 sur AlpRadio, d\u00e9couvrez en avant-premi\u00e8re les morceaux du disque mais aussi des morceaux de l\u2019ancien \u00ab\u00a0Au pied de la lettre\u00a0\u00bb !<\/p>\n<p>www.lesfilsdufacteur.com<\/p>\n<p>Rendez-vous <strong>Mercredi 15 mars \u00e0 11h00<\/strong><br \/>\nRediffusion : <strong>Jeudi 16 mars \u00e0 16h00 et Samedi 18 mars \u00e0 10h00<\/strong> !<\/p>\n<p>Merci aux \u00e0 tous les deux pour ce partage, ces belles confidences, ces \u00e9clats de rire et pour cette musique si pr\u00e9cieuse !<\/p>\n","protected":false},"excerpt":{"rendered":"<p>C\u2019est la f\u00eate dans notre studioooo ! Les Fils du Facteur sont l\u00e0 et \u00e7a f\u2019sait longtemps que Laura voulait les inviter pour une interview \ud83d\ude42 Vous avez toujours r\u00eav\u00e9 de vivre deux jolies heures avec Emilien et Sacha ? \u00e7a tombe bien, vous saurez TOUT sur le grouuuupe ! Ils vernissent leur nouveau disque \u00ab\u00a0Timbr\u00e9s et affranchis\u00a0\u00bb le 18 mars prochain au Bout du [&hellip;]<\/p>\n","protected":false},"author":2,"featured_media":6190,"comment_status":"open","ping_status":"closed","sticky":false,"template":"","format":"standard","meta":{"footnotes":""},"categories":[3],"tags":[],"class_list":["post-6189","post","type-post","status-publish","format-standard","has-post-thumbnail","hentry","category-quoi-de-neuf"],"_links":{"self":[{"href":"https:\/\/alpradio.com\/fr\/wp-json\/wp\/v2\/posts\/6189","targetHints":{"allow":["GET"]}}],"collection":[{"href":"https:\/\/alpradio.com\/fr\/wp-json\/wp\/v2\/posts"}],"about":[{"href":"https:\/\/alpradio.com\/fr\/wp-json\/wp\/v2\/types\/post"}],"author":[{"embeddable":true,"href":"https:\/\/alpradio.com\/fr\/wp-json\/wp\/v2\/users\/2"}],"replies":[{"embeddable":true,"href":"https:\/\/alpradio.com\/fr\/wp-json\/wp\/v2\/comments?post=6189"}],"version-history":[{"count":1,"href":"https:\/\/alpradio.com\/fr\/wp-json\/wp\/v2\/posts\/6189\/revisions"}],"predecessor-version":[{"id":6191,"href":"https:\/\/alpradio.com\/fr\/wp-json\/wp\/v2\/posts\/6189\/revisions\/6191"}],"wp:featuredmedia":[{"embeddable":true,"href":"https:\/\/alpradio.com\/fr\/wp-json\/wp\/v2\/media\/6190"}],"wp:attachment":[{"href":"https:\/\/alpradio.com\/fr\/wp-json\/wp\/v2\/media?parent=6189"}],"wp:term":[{"taxonomy":"category","embeddable":true,"href":"https:\/\/alpradio.com\/fr\/wp-json\/wp\/v2\/categories?post=6189"},{"taxonomy":"post_tag","embeddable":true,"href":"https:\/\/alpradio.com\/fr\/wp-json\/wp\/v2\/tags?post=6189"}],"curies":[{"name":"wp","href":"https:\/\/api.w.org\/{rel}","templated":true}]}}