{"id":6198,"date":"2017-03-15T19:59:14","date_gmt":"2017-03-15T18:59:14","guid":{"rendered":"http:\/\/alpradio.com\/fr\/?p=6198"},"modified":"2017-03-15T20:00:17","modified_gmt":"2017-03-15T19:00:17","slug":"co2-avec-meandre-et-hundred-days","status":"publish","type":"post","link":"https:\/\/alpradio.com\/fr\/co2-avec-meandre-et-hundred-days\/","title":{"rendered":"Co2 avec MEANDRE et HUNDRED DAYS"},"content":{"rendered":"<p>Pour cette prem\u2019 en publique, c\u2019est l\u2019artiste <strong>M\u00e9andre<\/strong> et le groupe <strong>Hundred Days<\/strong> qui s\u2019y collent !<br \/>\nInterviews, showcases mais aussi un reportage consacr\u00e9 au projet M\u00f4sieur et ses noeuds pap\u2019 originaux \ud83d\ude42<\/p>\n<p>Rendez-vous <strong>Jeudi 16 mars \u00e0 19h00 sur www.alpradio.ch ou sur l\u2019application avec vos t\u00e9l\u00e9phones.<\/strong><br \/>\n<strong>Rediffusion : Samedi 18 mars \u00e0 12h00.<\/strong><\/p>\n<p>Merci \u00e0 M\u00e9andre, Hundred Days mais aussi \u00e0 Jonathan Ruppen pour le coaching et la technique, Jean Deloffre pour le son, Yann et Sergio pour les photos, Alpagai pour l&rsquo;accueil et VOUS qui \u00e9tiez parmi nous \ud83d\ude42<\/p>\n<p>Rendez-vous au mois d\u2019avril de retour dans notre studio !<\/p>\n","protected":false},"excerpt":{"rendered":"<p>Pour cette prem\u2019 en publique, c\u2019est l\u2019artiste M\u00e9andre et le groupe Hundred Days qui s\u2019y collent ! Interviews, showcases mais aussi un reportage consacr\u00e9 au projet M\u00f4sieur et ses noeuds pap\u2019 originaux \ud83d\ude42 Rendez-vous Jeudi 16 mars \u00e0 19h00 sur www.alpradio.ch ou sur l\u2019application avec vos t\u00e9l\u00e9phones. Rediffusion : Samedi 18 mars \u00e0 12h00. Merci \u00e0 M\u00e9andre, Hundred Days mais aussi \u00e0 Jonathan Ruppen pour [&hellip;]<\/p>\n","protected":false},"author":2,"featured_media":6199,"comment_status":"open","ping_status":"closed","sticky":false,"template":"","format":"standard","meta":{"footnotes":""},"categories":[3],"tags":[],"class_list":["post-6198","post","type-post","status-publish","format-standard","has-post-thumbnail","hentry","category-quoi-de-neuf"],"_links":{"self":[{"href":"https:\/\/alpradio.com\/fr\/wp-json\/wp\/v2\/posts\/6198","targetHints":{"allow":["GET"]}}],"collection":[{"href":"https:\/\/alpradio.com\/fr\/wp-json\/wp\/v2\/posts"}],"about":[{"href":"https:\/\/alpradio.com\/fr\/wp-json\/wp\/v2\/types\/post"}],"author":[{"embeddable":true,"href":"https:\/\/alpradio.com\/fr\/wp-json\/wp\/v2\/users\/2"}],"replies":[{"embeddable":true,"href":"https:\/\/alpradio.com\/fr\/wp-json\/wp\/v2\/comments?post=6198"}],"version-history":[{"count":4,"href":"https:\/\/alpradio.com\/fr\/wp-json\/wp\/v2\/posts\/6198\/revisions"}],"predecessor-version":[{"id":6203,"href":"https:\/\/alpradio.com\/fr\/wp-json\/wp\/v2\/posts\/6198\/revisions\/6203"}],"wp:featuredmedia":[{"embeddable":true,"href":"https:\/\/alpradio.com\/fr\/wp-json\/wp\/v2\/media\/6199"}],"wp:attachment":[{"href":"https:\/\/alpradio.com\/fr\/wp-json\/wp\/v2\/media?parent=6198"}],"wp:term":[{"taxonomy":"category","embeddable":true,"href":"https:\/\/alpradio.com\/fr\/wp-json\/wp\/v2\/categories?post=6198"},{"taxonomy":"post_tag","embeddable":true,"href":"https:\/\/alpradio.com\/fr\/wp-json\/wp\/v2\/tags?post=6198"}],"curies":[{"name":"wp","href":"https:\/\/api.w.org\/{rel}","templated":true}]}}