{"id":6264,"date":"2017-03-19T17:42:58","date_gmt":"2017-03-19T16:42:58","guid":{"rendered":"http:\/\/alpradio.com\/fr\/?p=6264"},"modified":"2017-03-19T17:56:23","modified_gmt":"2017-03-19T16:56:23","slug":"interview-de-jose-moreno-pour-checklist","status":"publish","type":"post","link":"https:\/\/alpradio.com\/fr\/interview-de-jose-moreno-pour-checklist\/","title":{"rendered":"Interview de Jos\u00e9 Moreno pour Checklist"},"content":{"rendered":"<p>Nous invitons <strong>Jos\u00e9 Moreno<\/strong> pour parler de son premier court-m\u00e9trage \u00ab\u00a0Checklist\u00a0\u00bb \u00e0 l&rsquo;occasion de sa projection pr\u00e9vue le 25 mars prochain au Kremlin \u00e0 Monthey.<\/p>\n<p>La bande originale est sign\u00e9e The Giant Robots, le groupe s&rsquo;y produira d&rsquo;ailleurs !<br \/>\nUn concert de Ana &amp; The Black Mamba sera aussi de la partie \ud83d\ude09<\/p>\n<p>Il d\u00e9voile la trouvaille des acteurs, nous parle de l&rsquo;\u00e9quipe du tournage, du travail dans ce projet, de son envie d&rsquo;\u00e9voluer dans ce domaine&#8230; D\u00e9couvrez des extraits du film !<\/p>\n<p>Rendez-vous <strong>Lundi 20 mars \u00e0 11h00<\/strong><br \/>\nRediffusion : <strong>Mercredi 22 mars \u00e0 19h00<\/strong> et <strong>Samedi 25 mars \u00e0 12h00<\/strong> !<\/p>\n<p>www.facebook.com\/events\/1643444302617595\/<\/p>\n<p>Merci \u00e0 Jos\u00e9 pour ce moment captivant \ud83d\ude42<\/p>\n","protected":false},"excerpt":{"rendered":"<p>Nous invitons Jos\u00e9 Moreno pour parler de son premier court-m\u00e9trage \u00ab\u00a0Checklist\u00a0\u00bb \u00e0 l&rsquo;occasion de sa projection pr\u00e9vue le 25 mars prochain au Kremlin \u00e0 Monthey. La bande originale est sign\u00e9e The Giant Robots, le groupe s&rsquo;y produira d&rsquo;ailleurs ! Un concert de Ana &amp; The Black Mamba sera aussi de la partie \ud83d\ude09 Il d\u00e9voile la trouvaille des acteurs, nous parle de l&rsquo;\u00e9quipe du tournage, [&hellip;]<\/p>\n","protected":false},"author":2,"featured_media":6272,"comment_status":"open","ping_status":"closed","sticky":false,"template":"","format":"standard","meta":{"footnotes":""},"categories":[3],"tags":[],"class_list":["post-6264","post","type-post","status-publish","format-standard","has-post-thumbnail","hentry","category-quoi-de-neuf"],"_links":{"self":[{"href":"https:\/\/alpradio.com\/fr\/wp-json\/wp\/v2\/posts\/6264","targetHints":{"allow":["GET"]}}],"collection":[{"href":"https:\/\/alpradio.com\/fr\/wp-json\/wp\/v2\/posts"}],"about":[{"href":"https:\/\/alpradio.com\/fr\/wp-json\/wp\/v2\/types\/post"}],"author":[{"embeddable":true,"href":"https:\/\/alpradio.com\/fr\/wp-json\/wp\/v2\/users\/2"}],"replies":[{"embeddable":true,"href":"https:\/\/alpradio.com\/fr\/wp-json\/wp\/v2\/comments?post=6264"}],"version-history":[{"count":6,"href":"https:\/\/alpradio.com\/fr\/wp-json\/wp\/v2\/posts\/6264\/revisions"}],"predecessor-version":[{"id":6277,"href":"https:\/\/alpradio.com\/fr\/wp-json\/wp\/v2\/posts\/6264\/revisions\/6277"}],"wp:featuredmedia":[{"embeddable":true,"href":"https:\/\/alpradio.com\/fr\/wp-json\/wp\/v2\/media\/6272"}],"wp:attachment":[{"href":"https:\/\/alpradio.com\/fr\/wp-json\/wp\/v2\/media?parent=6264"}],"wp:term":[{"taxonomy":"category","embeddable":true,"href":"https:\/\/alpradio.com\/fr\/wp-json\/wp\/v2\/categories?post=6264"},{"taxonomy":"post_tag","embeddable":true,"href":"https:\/\/alpradio.com\/fr\/wp-json\/wp\/v2\/tags?post=6264"}],"curies":[{"name":"wp","href":"https:\/\/api.w.org\/{rel}","templated":true}]}}