{"id":6278,"date":"2017-03-19T18:43:40","date_gmt":"2017-03-19T17:43:40","guid":{"rendered":"http:\/\/alpradio.com\/fr\/?p=6278"},"modified":"2017-03-19T18:43:40","modified_gmt":"2017-03-19T17:43:40","slug":"interview-de-pedro-freitas-mosieur","status":"publish","type":"post","link":"https:\/\/alpradio.com\/fr\/interview-de-pedro-freitas-mosieur\/","title":{"rendered":"Interview de Pedro Freitas &#8211; M\u00f4sieur"},"content":{"rendered":"<p>Pour le premier reportage de l\u2019ann\u00e9e 2017, c\u2019est \u00e0 Montreux que \u00e7a se d\u00e9roule \ud83d\ude42 en effet, il s\u2019agit d\u2019un projet de noeuds pap\u2019 originaux sign\u00e9 <strong>Pedro Freitas<\/strong> qui a appel\u00e9 la curiosit\u00e9 de Laura qui s\u2019est rendue sur place pour d\u00e9couvrir ces cr\u00e9ations.<\/p>\n<p>C\u2019est Pedro accompagn\u00e9 de son couturier Dame, qui nous ont accueillis pour connaitre la naissance de ce projet et sa confection. Nous avons aussi droit \u00e0 une d\u00e9mo d\u2019un noeud pap\u2019 cousu pour l\u2019occasion \ud83d\ude42<\/p>\n<p>On parle choix de tissus, mati\u00e8res, noeuds pap\u2019 qui s\u2019appr\u00eatent \u00e0 tout \u00e9v\u00e9nements&#8230; pour en savoir davantage, <strong>l\u2019interview est diffus\u00e9e ce Mardi 21 mars \u00e0 11:00 <\/strong><br \/>\n<strong>Rediffusion : Jeudi 23 mars &#8211; 12h00 <\/strong><\/p>\n<p>Merci \u00e0 Pedro et \u00e0 Dame pour cette apr\u00e8s-midi sympathique !<br \/>\nwww.mosieur.ch<\/p>\n","protected":false},"excerpt":{"rendered":"<p>Pour le premier reportage de l\u2019ann\u00e9e 2017, c\u2019est \u00e0 Montreux que \u00e7a se d\u00e9roule \ud83d\ude42 en effet, il s\u2019agit d\u2019un projet de noeuds pap\u2019 originaux sign\u00e9 Pedro Freitas qui a appel\u00e9 la curiosit\u00e9 de Laura qui s\u2019est rendue sur place pour d\u00e9couvrir ces cr\u00e9ations. C\u2019est Pedro accompagn\u00e9 de son couturier Dame, qui nous ont accueillis pour connaitre la naissance de ce projet et sa confection. [&hellip;]<\/p>\n","protected":false},"author":2,"featured_media":6279,"comment_status":"open","ping_status":"closed","sticky":false,"template":"","format":"standard","meta":{"footnotes":""},"categories":[3],"tags":[],"class_list":["post-6278","post","type-post","status-publish","format-standard","has-post-thumbnail","hentry","category-quoi-de-neuf"],"_links":{"self":[{"href":"https:\/\/alpradio.com\/fr\/wp-json\/wp\/v2\/posts\/6278","targetHints":{"allow":["GET"]}}],"collection":[{"href":"https:\/\/alpradio.com\/fr\/wp-json\/wp\/v2\/posts"}],"about":[{"href":"https:\/\/alpradio.com\/fr\/wp-json\/wp\/v2\/types\/post"}],"author":[{"embeddable":true,"href":"https:\/\/alpradio.com\/fr\/wp-json\/wp\/v2\/users\/2"}],"replies":[{"embeddable":true,"href":"https:\/\/alpradio.com\/fr\/wp-json\/wp\/v2\/comments?post=6278"}],"version-history":[{"count":9,"href":"https:\/\/alpradio.com\/fr\/wp-json\/wp\/v2\/posts\/6278\/revisions"}],"predecessor-version":[{"id":6288,"href":"https:\/\/alpradio.com\/fr\/wp-json\/wp\/v2\/posts\/6278\/revisions\/6288"}],"wp:featuredmedia":[{"embeddable":true,"href":"https:\/\/alpradio.com\/fr\/wp-json\/wp\/v2\/media\/6279"}],"wp:attachment":[{"href":"https:\/\/alpradio.com\/fr\/wp-json\/wp\/v2\/media?parent=6278"}],"wp:term":[{"taxonomy":"category","embeddable":true,"href":"https:\/\/alpradio.com\/fr\/wp-json\/wp\/v2\/categories?post=6278"},{"taxonomy":"post_tag","embeddable":true,"href":"https:\/\/alpradio.com\/fr\/wp-json\/wp\/v2\/tags?post=6278"}],"curies":[{"name":"wp","href":"https:\/\/api.w.org\/{rel}","templated":true}]}}