{"id":6512,"date":"2017-04-11T10:27:03","date_gmt":"2017-04-11T09:27:03","guid":{"rendered":"http:\/\/alpradio.com\/fr\/?p=6512"},"modified":"2017-04-11T10:27:03","modified_gmt":"2017-04-11T09:27:03","slug":"co2-avec-meimuna","status":"publish","type":"post","link":"https:\/\/alpradio.com\/fr\/co2-avec-meimuna\/","title":{"rendered":"Co2 avec MEIMUNA"},"content":{"rendered":"<p>Ce mois-ci nous avons invit\u00e9 la merveilleuse Cyrielle Formaz pour son projet solo <strong>Meimuna<\/strong> \ud83d\ude42<\/p>\n<p>Pas de showcase cette fois-ci puisqu\u2019un petit accident au doigt, fait qu\u2019il ne parviendra pas \u00e0 danser sur les cordes de sa guitare. Ce n\u2019est que partie remise pour une future \u00e9mission en public !<\/p>\n<p>Ceci-dit, Cyrielle nous a confi\u00e9 3 morceaux dont 1 en exclusivit\u00e9 que nous pourrons entendre durant l\u2019\u00e9mission \ud83d\ude42<\/p>\n<p>En attendant on vous propose d\u2019\u00e9couter <strong>l\u2019interview de cette talentueuse demoiselle ! Hippolyte qui nous vient tout droit de l\u2019espace sera au rendez-vous comme d\u2019hab\u2019, un petit reportage de Laura consacr\u00e9 \u00e0 Inspiration V\u00e9g\u00e9tale \u00e0 Conthey, une boutique de plantes magnifiques et cr\u00e9atives et enfin la chronique de Sam qui nous fait une d\u00e9couverte musicale pas Suisse<\/strong> \ud83d\ude42<\/p>\n<p><strong>Rendez-vous jeudi 13 avril \u00e0 19h00 sur www.alpradio.ch ou sur l\u2019application Vibration Radios avec vos t\u00e9l\u00e9phones.<\/strong><br \/>\n<strong>Rediffusion : Samedi 15 avril \u00e0 12h00.<\/strong><\/p>\n<p>Merci infiniment \u00e0 Cyrielle qu\u2019on a toujours plaisir \u00e0 retrouver et dont le partage est beau \ud83d\ude42 Merci \u00e0 Vibration108 et merci \u00e0 Alia qui est venue tout droit de Lausanne pour les photos.<\/p>\n<p>On vous dit au mois prochain pour une nouvelle \u00e9mission ! \ud83d\ude09<\/p>\n","protected":false},"excerpt":{"rendered":"<p>Ce mois-ci nous avons invit\u00e9 la merveilleuse Cyrielle Formaz pour son projet solo Meimuna \ud83d\ude42 Pas de showcase cette fois-ci puisqu\u2019un petit accident au doigt, fait qu\u2019il ne parviendra pas \u00e0 danser sur les cordes de sa guitare. Ce n\u2019est que partie remise pour une future \u00e9mission en public ! Ceci-dit, Cyrielle nous a confi\u00e9 3 morceaux dont 1 en exclusivit\u00e9 que nous pourrons entendre [&hellip;]<\/p>\n","protected":false},"author":2,"featured_media":6518,"comment_status":"open","ping_status":"closed","sticky":false,"template":"","format":"standard","meta":{"footnotes":""},"categories":[3],"tags":[],"class_list":["post-6512","post","type-post","status-publish","format-standard","has-post-thumbnail","hentry","category-quoi-de-neuf"],"_links":{"self":[{"href":"https:\/\/alpradio.com\/fr\/wp-json\/wp\/v2\/posts\/6512","targetHints":{"allow":["GET"]}}],"collection":[{"href":"https:\/\/alpradio.com\/fr\/wp-json\/wp\/v2\/posts"}],"about":[{"href":"https:\/\/alpradio.com\/fr\/wp-json\/wp\/v2\/types\/post"}],"author":[{"embeddable":true,"href":"https:\/\/alpradio.com\/fr\/wp-json\/wp\/v2\/users\/2"}],"replies":[{"embeddable":true,"href":"https:\/\/alpradio.com\/fr\/wp-json\/wp\/v2\/comments?post=6512"}],"version-history":[{"count":2,"href":"https:\/\/alpradio.com\/fr\/wp-json\/wp\/v2\/posts\/6512\/revisions"}],"predecessor-version":[{"id":6521,"href":"https:\/\/alpradio.com\/fr\/wp-json\/wp\/v2\/posts\/6512\/revisions\/6521"}],"wp:featuredmedia":[{"embeddable":true,"href":"https:\/\/alpradio.com\/fr\/wp-json\/wp\/v2\/media\/6518"}],"wp:attachment":[{"href":"https:\/\/alpradio.com\/fr\/wp-json\/wp\/v2\/media?parent=6512"}],"wp:term":[{"taxonomy":"category","embeddable":true,"href":"https:\/\/alpradio.com\/fr\/wp-json\/wp\/v2\/categories?post=6512"},{"taxonomy":"post_tag","embeddable":true,"href":"https:\/\/alpradio.com\/fr\/wp-json\/wp\/v2\/tags?post=6512"}],"curies":[{"name":"wp","href":"https:\/\/api.w.org\/{rel}","templated":true}]}}