{"id":6528,"date":"2017-04-17T09:28:02","date_gmt":"2017-04-17T08:28:02","guid":{"rendered":"http:\/\/alpradio.com\/fr\/?p=6528"},"modified":"2017-04-17T09:31:03","modified_gmt":"2017-04-17T08:31:03","slug":"interview-de-carole-curdy-juilland-inspiration-vegetale","status":"publish","type":"post","link":"https:\/\/alpradio.com\/fr\/interview-de-carole-curdy-juilland-inspiration-vegetale\/","title":{"rendered":"Interview de Carole Curdy-Juilland &#8211; Inspiration V\u00e9g\u00e9tale"},"content":{"rendered":"<p>Ce mois-ci nous sommes accueillis dans l\u2019atelier-boutique <strong>Inspiration V\u00e9g\u00e9tale<\/strong> \u00e0 Conthey de <strong>Carole Curdy-Juilland<\/strong> qui nous parle de son incroyable aventure avec ses plantes avec lesquelles elle tisse un pr\u00e9cieux lien.<\/p>\n<p>On fait connaissance avec son parcours, son amour des plantes et nous parle aussi de l\u2019ouverture de sa boutique, comment elle est arriv\u00e9e \u00e0 toucher \u00e0 ce r\u00eave. On visite les diff\u00e9rentes cr\u00e9ations, ce qu\u2019elle propose. Le bien-\u00eatre au travers des plantes est au rendez-vous, Carole nous en parle est c\u2019est super passionnant !<\/p>\n<p>Elle nous cr\u00e9e un jardin en bocal, super actuel en ce moment. Beaut\u00e9, respect, passion et vie dans cette heure plus que m\u00e9morable !<\/p>\n<p><strong>L\u2019interview est diffus\u00e9e ce Mardi 18 avril \u00e0 11h00<\/strong><br \/>\n<strong>Rediffusion : Jeudi 20 avril \u00e0 19h00<\/strong><\/p>\n<p>Un grand merci \u00e0 Carole pour ce moment merveilleux dans sa boutique tr\u00e8s vivante, une belle connexion, un retour aux sources et pleins de jolies informations tr\u00e8s tr\u00e8s int\u00e9ressantes !<\/p>\n<p>www.inspirationvegetale.com<\/p>\n","protected":false},"excerpt":{"rendered":"<p>Ce mois-ci nous sommes accueillis dans l\u2019atelier-boutique Inspiration V\u00e9g\u00e9tale \u00e0 Conthey de Carole Curdy-Juilland qui nous parle de son incroyable aventure avec ses plantes avec lesquelles elle tisse un pr\u00e9cieux lien. On fait connaissance avec son parcours, son amour des plantes et nous parle aussi de l\u2019ouverture de sa boutique, comment elle est arriv\u00e9e \u00e0 toucher \u00e0 ce r\u00eave. On visite les diff\u00e9rentes cr\u00e9ations, ce [&hellip;]<\/p>\n","protected":false},"author":2,"featured_media":6533,"comment_status":"open","ping_status":"closed","sticky":false,"template":"","format":"standard","meta":{"footnotes":""},"categories":[3],"tags":[],"class_list":["post-6528","post","type-post","status-publish","format-standard","has-post-thumbnail","hentry","category-quoi-de-neuf"],"_links":{"self":[{"href":"https:\/\/alpradio.com\/fr\/wp-json\/wp\/v2\/posts\/6528","targetHints":{"allow":["GET"]}}],"collection":[{"href":"https:\/\/alpradio.com\/fr\/wp-json\/wp\/v2\/posts"}],"about":[{"href":"https:\/\/alpradio.com\/fr\/wp-json\/wp\/v2\/types\/post"}],"author":[{"embeddable":true,"href":"https:\/\/alpradio.com\/fr\/wp-json\/wp\/v2\/users\/2"}],"replies":[{"embeddable":true,"href":"https:\/\/alpradio.com\/fr\/wp-json\/wp\/v2\/comments?post=6528"}],"version-history":[{"count":3,"href":"https:\/\/alpradio.com\/fr\/wp-json\/wp\/v2\/posts\/6528\/revisions"}],"predecessor-version":[{"id":6534,"href":"https:\/\/alpradio.com\/fr\/wp-json\/wp\/v2\/posts\/6528\/revisions\/6534"}],"wp:featuredmedia":[{"embeddable":true,"href":"https:\/\/alpradio.com\/fr\/wp-json\/wp\/v2\/media\/6533"}],"wp:attachment":[{"href":"https:\/\/alpradio.com\/fr\/wp-json\/wp\/v2\/media?parent=6528"}],"wp:term":[{"taxonomy":"category","embeddable":true,"href":"https:\/\/alpradio.com\/fr\/wp-json\/wp\/v2\/categories?post=6528"},{"taxonomy":"post_tag","embeddable":true,"href":"https:\/\/alpradio.com\/fr\/wp-json\/wp\/v2\/tags?post=6528"}],"curies":[{"name":"wp","href":"https:\/\/api.w.org\/{rel}","templated":true}]}}