{"id":6751,"date":"2017-05-16T22:13:08","date_gmt":"2017-05-16T21:13:08","guid":{"rendered":"http:\/\/alpradio.com\/fr\/?p=6751"},"modified":"2017-05-16T22:13:08","modified_gmt":"2017-05-16T21:13:08","slug":"co2-avec-elsandy","status":"publish","type":"post","link":"https:\/\/alpradio.com\/fr\/co2-avec-elsandy\/","title":{"rendered":"Co2 avec Elsandy"},"content":{"rendered":"<p>Pour la 10e de Co2 nous invitons <strong>Elsandy<\/strong> en solo puisque son acolyte Louisa Bey est en voyage \ud83d\ude42 on lui transmet le bonjour au passaaaaage !<\/p>\n<p>Au programme, <strong>l\u2019interview d\u2019Elsandy, la visite d\u2019Hippolyte notre reporter de l\u2019espace, pas de reportage avec Laura ce mois-ci mais la chronique de Sam sur le film \u00ab\u00a0Ma vie de courgette\u00a0\u00bb ainsi que son habituelle chronique D\u00e9couverte musicale du Monnnnde ! Et on termine en musique avec le showcase d\u2019Elsandy \u00e0 la guitare, youhouuuu !<\/strong><\/p>\n<p><strong>Rendez-vous jeudi 18 mai \u00e0 19h00 sur www.alpradio.ch ou sur l\u2019application Vibration Radios avec vos t\u00e9l\u00e9phones.<\/strong><br \/>\n<strong>Rediffusion : Samedi 20 mai \u00e0 12h00.<\/strong><\/p>\n<p>Un super grand merci \u00e0 Sandy d\u2019\u00eatre venu jusqu\u2019\u00e0 nous, quelle superbe \u00e9nergie il est venu d\u00e9poser dans notre studio \ud83d\ude42 merci aussi \u00e0 Vibration108 et Sergio pour les belles images.<\/p>\n<p>La prochaine de Co2 \u00e7a sera en public, restez aux aguets \ud83d\ude42<\/p>\n","protected":false},"excerpt":{"rendered":"<p>Pour la 10e de Co2 nous invitons Elsandy en solo puisque son acolyte Louisa Bey est en voyage \ud83d\ude42 on lui transmet le bonjour au passaaaaage ! Au programme, l\u2019interview d\u2019Elsandy, la visite d\u2019Hippolyte notre reporter de l\u2019espace, pas de reportage avec Laura ce mois-ci mais la chronique de Sam sur le film \u00ab\u00a0Ma vie de courgette\u00a0\u00bb ainsi que son habituelle chronique D\u00e9couverte musicale du [&hellip;]<\/p>\n","protected":false},"author":2,"featured_media":6753,"comment_status":"open","ping_status":"closed","sticky":false,"template":"","format":"standard","meta":{"footnotes":""},"categories":[3],"tags":[],"class_list":["post-6751","post","type-post","status-publish","format-standard","has-post-thumbnail","hentry","category-quoi-de-neuf"],"_links":{"self":[{"href":"https:\/\/alpradio.com\/fr\/wp-json\/wp\/v2\/posts\/6751","targetHints":{"allow":["GET"]}}],"collection":[{"href":"https:\/\/alpradio.com\/fr\/wp-json\/wp\/v2\/posts"}],"about":[{"href":"https:\/\/alpradio.com\/fr\/wp-json\/wp\/v2\/types\/post"}],"author":[{"embeddable":true,"href":"https:\/\/alpradio.com\/fr\/wp-json\/wp\/v2\/users\/2"}],"replies":[{"embeddable":true,"href":"https:\/\/alpradio.com\/fr\/wp-json\/wp\/v2\/comments?post=6751"}],"version-history":[{"count":1,"href":"https:\/\/alpradio.com\/fr\/wp-json\/wp\/v2\/posts\/6751\/revisions"}],"predecessor-version":[{"id":6754,"href":"https:\/\/alpradio.com\/fr\/wp-json\/wp\/v2\/posts\/6751\/revisions\/6754"}],"wp:featuredmedia":[{"embeddable":true,"href":"https:\/\/alpradio.com\/fr\/wp-json\/wp\/v2\/media\/6753"}],"wp:attachment":[{"href":"https:\/\/alpradio.com\/fr\/wp-json\/wp\/v2\/media?parent=6751"}],"wp:term":[{"taxonomy":"category","embeddable":true,"href":"https:\/\/alpradio.com\/fr\/wp-json\/wp\/v2\/categories?post=6751"},{"taxonomy":"post_tag","embeddable":true,"href":"https:\/\/alpradio.com\/fr\/wp-json\/wp\/v2\/tags?post=6751"}],"curies":[{"name":"wp","href":"https:\/\/api.w.org\/{rel}","templated":true}]}}