{"id":6774,"date":"2017-05-22T10:06:40","date_gmt":"2017-05-22T09:06:40","guid":{"rendered":"http:\/\/alpradio.com\/fr\/?p=6774"},"modified":"2017-05-22T10:06:40","modified_gmt":"2017-05-22T09:06:40","slug":"interview-du-fully-bouge-2017","status":"publish","type":"post","link":"https:\/\/alpradio.com\/fr\/interview-du-fully-bouge-2017\/","title":{"rendered":"Interview du Fully Bouge 2017"},"content":{"rendered":"<p><span class=\"_5yl5\">Le samedi 27 mai aura lieu la 13eme \u00e9dition du festival <strong>Fully Bouge<\/strong> ! Pour nous en parler nous retrouvons <strong>Ludovic, Cedric et Simon. <\/strong><\/span><\/p>\n<p><span class=\"_5yl5\">Ils nous parlerons du d\u00e9roulement de la journ\u00e9e, des artistes, sans oublier les b\u00e9n\u00e9voles ! Que de belles choses pr\u00e9vues pour cette journ\u00e9e de festival. Venez nombreux car la f\u00eate sera belle comme \u00e0 chaque fois !<br \/>\n<\/span><\/p>\n<p>www.fullybouge.ch<\/p>\n<p>Rendez-vous <strong>Mercredi 24 mai \u00e0 11h00<\/strong><br \/>\nRediffusion : <strong>Vendredi 26 mars \u00e0 16h00 !<br \/>\n<\/strong><\/p>\n<p>Merci \u00e0 tous les trois pour ce sympathique moment \ud83d\ude42<\/p>\n","protected":false},"excerpt":{"rendered":"<p>Le samedi 27 mai aura lieu la 13eme \u00e9dition du festival Fully Bouge ! Pour nous en parler nous retrouvons Ludovic, Cedric et Simon. Ils nous parlerons du d\u00e9roulement de la journ\u00e9e, des artistes, sans oublier les b\u00e9n\u00e9voles ! Que de belles choses pr\u00e9vues pour cette journ\u00e9e de festival. Venez nombreux car la f\u00eate sera belle comme \u00e0 chaque fois ! www.fullybouge.ch Rendez-vous Mercredi 24 [&hellip;]<\/p>\n","protected":false},"author":2,"featured_media":6775,"comment_status":"open","ping_status":"closed","sticky":false,"template":"","format":"standard","meta":{"footnotes":""},"categories":[3],"tags":[],"class_list":["post-6774","post","type-post","status-publish","format-standard","has-post-thumbnail","hentry","category-quoi-de-neuf"],"_links":{"self":[{"href":"https:\/\/alpradio.com\/fr\/wp-json\/wp\/v2\/posts\/6774","targetHints":{"allow":["GET"]}}],"collection":[{"href":"https:\/\/alpradio.com\/fr\/wp-json\/wp\/v2\/posts"}],"about":[{"href":"https:\/\/alpradio.com\/fr\/wp-json\/wp\/v2\/types\/post"}],"author":[{"embeddable":true,"href":"https:\/\/alpradio.com\/fr\/wp-json\/wp\/v2\/users\/2"}],"replies":[{"embeddable":true,"href":"https:\/\/alpradio.com\/fr\/wp-json\/wp\/v2\/comments?post=6774"}],"version-history":[{"count":2,"href":"https:\/\/alpradio.com\/fr\/wp-json\/wp\/v2\/posts\/6774\/revisions"}],"predecessor-version":[{"id":6777,"href":"https:\/\/alpradio.com\/fr\/wp-json\/wp\/v2\/posts\/6774\/revisions\/6777"}],"wp:featuredmedia":[{"embeddable":true,"href":"https:\/\/alpradio.com\/fr\/wp-json\/wp\/v2\/media\/6775"}],"wp:attachment":[{"href":"https:\/\/alpradio.com\/fr\/wp-json\/wp\/v2\/media?parent=6774"}],"wp:term":[{"taxonomy":"category","embeddable":true,"href":"https:\/\/alpradio.com\/fr\/wp-json\/wp\/v2\/categories?post=6774"},{"taxonomy":"post_tag","embeddable":true,"href":"https:\/\/alpradio.com\/fr\/wp-json\/wp\/v2\/tags?post=6774"}],"curies":[{"name":"wp","href":"https:\/\/api.w.org\/{rel}","templated":true}]}}