{"id":6797,"date":"2017-06-02T22:07:10","date_gmt":"2017-06-02T21:07:10","guid":{"rendered":"http:\/\/alpradio.com\/fr\/?p=6797"},"modified":"2017-06-02T22:07:10","modified_gmt":"2017-06-02T21:07:10","slug":"co2-en-public-le-10-juin-2017","status":"publish","type":"post","link":"https:\/\/alpradio.com\/fr\/co2-en-public-le-10-juin-2017\/","title":{"rendered":"Co2 en public le 10 juin 2017 !"},"content":{"rendered":"<p>Pour notre 2e \u00e9mission en public on a la joie de recevoir l\u2019artiste <strong>Grand Barrosa<\/strong> et le groupe Sierrois <strong>iFolk<\/strong> !<br \/>\nAu programme il y aura des interviews et showcases d\u00e8s 15h00 \ud83d\ude42<\/p>\n<p>Viens donc assister \u00e0 l\u2019enregistrement <strong>le 10 juin du c\u00f4t\u00e9 de l\u2019ASLEC<\/strong> \u00e0 la rue de la Monder\u00e8che 1 \u00e0 Sierre \ud83d\ude42 La musique va y \u00eatre magnifique et l\u2019entr\u00e9e est liiiibre !<\/p>\n<p>www.facebook.com\/grandbarrosa<br \/>\nwww.ifolk.ch<\/p>\n<p>Merci \u00e0 notre photographe Yann pour le design ! \ud83d\ude42<\/p>\n","protected":false},"excerpt":{"rendered":"<p>Pour notre 2e \u00e9mission en public on a la joie de recevoir l\u2019artiste Grand Barrosa et le groupe Sierrois iFolk ! Au programme il y aura des interviews et showcases d\u00e8s 15h00 \ud83d\ude42 Viens donc assister \u00e0 l\u2019enregistrement le 10 juin du c\u00f4t\u00e9 de l\u2019ASLEC \u00e0 la rue de la Monder\u00e8che 1 \u00e0 Sierre \ud83d\ude42 La musique va y \u00eatre magnifique et l\u2019entr\u00e9e est liiiibre [&hellip;]<\/p>\n","protected":false},"author":2,"featured_media":6798,"comment_status":"open","ping_status":"closed","sticky":false,"template":"","format":"standard","meta":{"footnotes":""},"categories":[3],"tags":[],"class_list":["post-6797","post","type-post","status-publish","format-standard","has-post-thumbnail","hentry","category-quoi-de-neuf"],"_links":{"self":[{"href":"https:\/\/alpradio.com\/fr\/wp-json\/wp\/v2\/posts\/6797","targetHints":{"allow":["GET"]}}],"collection":[{"href":"https:\/\/alpradio.com\/fr\/wp-json\/wp\/v2\/posts"}],"about":[{"href":"https:\/\/alpradio.com\/fr\/wp-json\/wp\/v2\/types\/post"}],"author":[{"embeddable":true,"href":"https:\/\/alpradio.com\/fr\/wp-json\/wp\/v2\/users\/2"}],"replies":[{"embeddable":true,"href":"https:\/\/alpradio.com\/fr\/wp-json\/wp\/v2\/comments?post=6797"}],"version-history":[{"count":1,"href":"https:\/\/alpradio.com\/fr\/wp-json\/wp\/v2\/posts\/6797\/revisions"}],"predecessor-version":[{"id":6799,"href":"https:\/\/alpradio.com\/fr\/wp-json\/wp\/v2\/posts\/6797\/revisions\/6799"}],"wp:featuredmedia":[{"embeddable":true,"href":"https:\/\/alpradio.com\/fr\/wp-json\/wp\/v2\/media\/6798"}],"wp:attachment":[{"href":"https:\/\/alpradio.com\/fr\/wp-json\/wp\/v2\/media?parent=6797"}],"wp:term":[{"taxonomy":"category","embeddable":true,"href":"https:\/\/alpradio.com\/fr\/wp-json\/wp\/v2\/categories?post=6797"},{"taxonomy":"post_tag","embeddable":true,"href":"https:\/\/alpradio.com\/fr\/wp-json\/wp\/v2\/tags?post=6797"}],"curies":[{"name":"wp","href":"https:\/\/api.w.org\/{rel}","templated":true}]}}