{"id":6808,"date":"2017-06-11T21:53:19","date_gmt":"2017-06-11T20:53:19","guid":{"rendered":"http:\/\/alpradio.com\/fr\/?p=6808"},"modified":"2017-06-11T21:53:19","modified_gmt":"2017-06-11T20:53:19","slug":"co2-avec-grand-barrosa-et-ifolk","status":"publish","type":"post","link":"https:\/\/alpradio.com\/fr\/co2-avec-grand-barrosa-et-ifolk\/","title":{"rendered":"Co2 avec GRAND BARROSA et IFOLK"},"content":{"rendered":"<p><strong>Grand Barrosa<\/strong> et le groupe <strong>iFolk<\/strong> sont les invit\u00e9s de la deuxi\u00e8me de Co2 en public ! Interviews, showcases, un reportage consacr\u00e9 \u00e0 une boutique de produits cosm\u00e9tiques naturels et artisanaux \u00ab\u00a0Ma petite nature\u00a0\u00bb et on termine avec Christelle de l\u2019ASLEC, endroit dans lequel nous avons \u00e9t\u00e9 accueillis \ud83d\ude42<\/p>\n<p>Rendez-vous <strong>jeudi 15 juin \u00e0 19h00 sur www.alpradio.ch ou sur l\u2019application avec vos t\u00e9l\u00e9phones.<\/strong><br \/>\n<strong>Rediffusion : Samedi 17 juin \u00e0 12h00.<\/strong><\/p>\n<p>Merci \u00e0 Grand Barrosa, iFolk, \u00e0 Jonathan Ruppen et Jean Deloffre pour la technique et le son, Yann et Sergio pour les photos, l\u2019Aslec pour l\u2019accueil et le publiiiic \ud83d\ude42<\/p>\n<p>Nous nous r\u00e9jouissons de la rentr\u00e9e pour de nouvelles \u00e9missions consacr\u00e9es \u00e0 la d\u00e9couverte musicale Suisse, \u00e0 bient\u00f4t \ud83d\ude42<\/p>\n","protected":false},"excerpt":{"rendered":"<p>Grand Barrosa et le groupe iFolk sont les invit\u00e9s de la deuxi\u00e8me de Co2 en public ! Interviews, showcases, un reportage consacr\u00e9 \u00e0 une boutique de produits cosm\u00e9tiques naturels et artisanaux \u00ab\u00a0Ma petite nature\u00a0\u00bb et on termine avec Christelle de l\u2019ASLEC, endroit dans lequel nous avons \u00e9t\u00e9 accueillis \ud83d\ude42 Rendez-vous jeudi 15 juin \u00e0 19h00 sur www.alpradio.ch ou sur l\u2019application avec vos t\u00e9l\u00e9phones. Rediffusion : [&hellip;]<\/p>\n","protected":false},"author":2,"featured_media":6810,"comment_status":"open","ping_status":"closed","sticky":false,"template":"","format":"standard","meta":{"footnotes":""},"categories":[3],"tags":[],"class_list":["post-6808","post","type-post","status-publish","format-standard","has-post-thumbnail","hentry","category-quoi-de-neuf"],"_links":{"self":[{"href":"https:\/\/alpradio.com\/fr\/wp-json\/wp\/v2\/posts\/6808","targetHints":{"allow":["GET"]}}],"collection":[{"href":"https:\/\/alpradio.com\/fr\/wp-json\/wp\/v2\/posts"}],"about":[{"href":"https:\/\/alpradio.com\/fr\/wp-json\/wp\/v2\/types\/post"}],"author":[{"embeddable":true,"href":"https:\/\/alpradio.com\/fr\/wp-json\/wp\/v2\/users\/2"}],"replies":[{"embeddable":true,"href":"https:\/\/alpradio.com\/fr\/wp-json\/wp\/v2\/comments?post=6808"}],"version-history":[{"count":2,"href":"https:\/\/alpradio.com\/fr\/wp-json\/wp\/v2\/posts\/6808\/revisions"}],"predecessor-version":[{"id":6812,"href":"https:\/\/alpradio.com\/fr\/wp-json\/wp\/v2\/posts\/6808\/revisions\/6812"}],"wp:featuredmedia":[{"embeddable":true,"href":"https:\/\/alpradio.com\/fr\/wp-json\/wp\/v2\/media\/6810"}],"wp:attachment":[{"href":"https:\/\/alpradio.com\/fr\/wp-json\/wp\/v2\/media?parent=6808"}],"wp:term":[{"taxonomy":"category","embeddable":true,"href":"https:\/\/alpradio.com\/fr\/wp-json\/wp\/v2\/categories?post=6808"},{"taxonomy":"post_tag","embeddable":true,"href":"https:\/\/alpradio.com\/fr\/wp-json\/wp\/v2\/tags?post=6808"}],"curies":[{"name":"wp","href":"https:\/\/api.w.org\/{rel}","templated":true}]}}