{"id":6910,"date":"2017-06-18T20:54:33","date_gmt":"2017-06-18T19:54:33","guid":{"rendered":"http:\/\/alpradio.com\/fr\/?p=6910"},"modified":"2017-06-18T20:54:33","modified_gmt":"2017-06-18T19:54:33","slug":"interview-de-francesca-dumas-ma-petite-nature","status":"publish","type":"post","link":"https:\/\/alpradio.com\/fr\/interview-de-francesca-dumas-ma-petite-nature\/","title":{"rendered":"Interview de Francesca Dumas &#8211; Ma petite Nature"},"content":{"rendered":"<p>C\u2019est dans la boutique de produits 100% naturels et artisanaux <strong>Ma petite Nature<\/strong> \u00e0 Martigny, que nous rencontrons <strong>Francesca Dumas<\/strong>.<\/p>\n<p>Elle nous parle de son parcours et de sa boutique, des produits et des ateliers propos\u00e9s, des collaborations fructueuses ainsi que son nouveau projet \u00ab\u00a0La ruche qui dit oui\u00a0\u00bb.<br \/>\nLe Bien-\u00eatre, la nature et le respect de la vie est au rendez-vous !<\/p>\n<p>Elle r\u00e9alise en live pour nous, une cr\u00e8me de jour pour le visage et lance le d\u00e9fi \u00e0 Laura d\u2019en faire une \u00e9galement \ud83d\ude42<\/p>\n<p><strong>L\u2019interview est diffus\u00e9e ce Mardi 20 juin \u00e0 11h00<\/strong><br \/>\n<strong>Rediffusion : Jeudi 22 juin \u00e0 19h00<\/strong><\/p>\n<p>Merci beaucoup \u00e0 Francesca pour ce moment inspirant qui donnent envie de prendre soin de soi, de la plan\u00e8te et de croire en ses r\u00eaves !<\/p>\n<p>www.mapetitenature.ch<\/p>\n","protected":false},"excerpt":{"rendered":"<p>C\u2019est dans la boutique de produits 100% naturels et artisanaux Ma petite Nature \u00e0 Martigny, que nous rencontrons Francesca Dumas. Elle nous parle de son parcours et de sa boutique, des produits et des ateliers propos\u00e9s, des collaborations fructueuses ainsi que son nouveau projet \u00ab\u00a0La ruche qui dit oui\u00a0\u00bb. Le Bien-\u00eatre, la nature et le respect de la vie est au rendez-vous ! Elle r\u00e9alise [&hellip;]<\/p>\n","protected":false},"author":2,"featured_media":6911,"comment_status":"open","ping_status":"closed","sticky":false,"template":"","format":"standard","meta":{"footnotes":""},"categories":[3],"tags":[],"class_list":["post-6910","post","type-post","status-publish","format-standard","has-post-thumbnail","hentry","category-quoi-de-neuf"],"_links":{"self":[{"href":"https:\/\/alpradio.com\/fr\/wp-json\/wp\/v2\/posts\/6910","targetHints":{"allow":["GET"]}}],"collection":[{"href":"https:\/\/alpradio.com\/fr\/wp-json\/wp\/v2\/posts"}],"about":[{"href":"https:\/\/alpradio.com\/fr\/wp-json\/wp\/v2\/types\/post"}],"author":[{"embeddable":true,"href":"https:\/\/alpradio.com\/fr\/wp-json\/wp\/v2\/users\/2"}],"replies":[{"embeddable":true,"href":"https:\/\/alpradio.com\/fr\/wp-json\/wp\/v2\/comments?post=6910"}],"version-history":[{"count":3,"href":"https:\/\/alpradio.com\/fr\/wp-json\/wp\/v2\/posts\/6910\/revisions"}],"predecessor-version":[{"id":6914,"href":"https:\/\/alpradio.com\/fr\/wp-json\/wp\/v2\/posts\/6910\/revisions\/6914"}],"wp:featuredmedia":[{"embeddable":true,"href":"https:\/\/alpradio.com\/fr\/wp-json\/wp\/v2\/media\/6911"}],"wp:attachment":[{"href":"https:\/\/alpradio.com\/fr\/wp-json\/wp\/v2\/media?parent=6910"}],"wp:term":[{"taxonomy":"category","embeddable":true,"href":"https:\/\/alpradio.com\/fr\/wp-json\/wp\/v2\/categories?post=6910"},{"taxonomy":"post_tag","embeddable":true,"href":"https:\/\/alpradio.com\/fr\/wp-json\/wp\/v2\/tags?post=6910"}],"curies":[{"name":"wp","href":"https:\/\/api.w.org\/{rel}","templated":true}]}}