{"id":6916,"date":"2017-06-23T21:20:25","date_gmt":"2017-06-23T20:20:25","guid":{"rendered":"http:\/\/alpradio.com\/fr\/?p=6916"},"modified":"2017-06-30T09:42:05","modified_gmt":"2017-06-30T08:42:05","slug":"alpradio-au-st-jean-rock-festival-2017","status":"publish","type":"post","link":"https:\/\/alpradio.com\/fr\/alpradio-au-st-jean-rock-festival-2017\/","title":{"rendered":"AlpRadio au St-Jean Rock Festival 2017 !"},"content":{"rendered":"<p>Le 30 juin et le 1er juillet c\u2019est la 2e \u00e9dition du<strong> St-Jean Rock<\/strong>, nouveau partenaire d\u2019AlpRadio !<br \/>\nNous serons en live du festival le samedi 1er juillet, pour les interviews des groupes et la transmission des concerts de la grande sc\u00e8ne pour ceux qui ne seront pas sur place.<\/p>\n<p>Nous nous r\u00e9jouissons de vivre ce live avec vous !<br \/>\nMerci \u00e0 Vibration108 mais aussi le festival de nous faire de la place pour partager cette jolie soir\u00e9e.<\/p>\n<p>D\u00e9couvrez la belle programmation et retrouvez les infos de l\u2019\u00e9v\u00e9nement sur le site : www.stjeanrock.com<\/p>\n<p><strong>Vendredi 30 juin 2017<\/strong><\/p>\n<p>20h00 KEN le magicien<br \/>\n21h30 Karim Slama (Humoriste)<br \/>\n23h15 Ram\u00e8ne ta chaise<\/p>\n<p><strong>Samedi 1er juillet 2017<\/strong><\/p>\n<p>17h00 Catch My Story<br \/>\n17h45 Maca\u00f4<br \/>\n19h15 Lune Pourpre<br \/>\n20h00 Epsilon<br \/>\n21h30 Black Swell<br \/>\n22h15 Taken By Storm<br \/>\n23h45 Dawnless<br \/>\n00h30 Happy Ol\u2019McWeasel<\/p>\n","protected":false},"excerpt":{"rendered":"<p>Le 30 juin et le 1er juillet c\u2019est la 2e \u00e9dition du St-Jean Rock, nouveau partenaire d\u2019AlpRadio ! Nous serons en live du festival le samedi 1er juillet, pour les interviews des groupes et la transmission des concerts de la grande sc\u00e8ne pour ceux qui ne seront pas sur place. Nous nous r\u00e9jouissons de vivre ce live avec vous ! Merci \u00e0 Vibration108 mais aussi [&hellip;]<\/p>\n","protected":false},"author":2,"featured_media":6917,"comment_status":"open","ping_status":"closed","sticky":false,"template":"","format":"standard","meta":{"footnotes":""},"categories":[3],"tags":[],"class_list":["post-6916","post","type-post","status-publish","format-standard","has-post-thumbnail","hentry","category-quoi-de-neuf"],"_links":{"self":[{"href":"https:\/\/alpradio.com\/fr\/wp-json\/wp\/v2\/posts\/6916","targetHints":{"allow":["GET"]}}],"collection":[{"href":"https:\/\/alpradio.com\/fr\/wp-json\/wp\/v2\/posts"}],"about":[{"href":"https:\/\/alpradio.com\/fr\/wp-json\/wp\/v2\/types\/post"}],"author":[{"embeddable":true,"href":"https:\/\/alpradio.com\/fr\/wp-json\/wp\/v2\/users\/2"}],"replies":[{"embeddable":true,"href":"https:\/\/alpradio.com\/fr\/wp-json\/wp\/v2\/comments?post=6916"}],"version-history":[{"count":6,"href":"https:\/\/alpradio.com\/fr\/wp-json\/wp\/v2\/posts\/6916\/revisions"}],"predecessor-version":[{"id":6997,"href":"https:\/\/alpradio.com\/fr\/wp-json\/wp\/v2\/posts\/6916\/revisions\/6997"}],"wp:featuredmedia":[{"embeddable":true,"href":"https:\/\/alpradio.com\/fr\/wp-json\/wp\/v2\/media\/6917"}],"wp:attachment":[{"href":"https:\/\/alpradio.com\/fr\/wp-json\/wp\/v2\/media?parent=6916"}],"wp:term":[{"taxonomy":"category","embeddable":true,"href":"https:\/\/alpradio.com\/fr\/wp-json\/wp\/v2\/categories?post=6916"},{"taxonomy":"post_tag","embeddable":true,"href":"https:\/\/alpradio.com\/fr\/wp-json\/wp\/v2\/tags?post=6916"}],"curies":[{"name":"wp","href":"https:\/\/api.w.org\/{rel}","templated":true}]}}