{"id":6999,"date":"2017-07-04T22:44:03","date_gmt":"2017-07-04T21:44:03","guid":{"rendered":"http:\/\/alpradio.com\/fr\/?p=6999"},"modified":"2017-07-08T16:56:53","modified_gmt":"2017-07-08T15:56:53","slug":"merci-la-st-jean-rock-festival","status":"publish","type":"post","link":"https:\/\/alpradio.com\/fr\/merci-la-st-jean-rock-festival\/","title":{"rendered":"Merci la St-Jean Rock Festival !"},"content":{"rendered":"<p>Le 1er juillet, nous avons install\u00e9 notre petit studio \u00e0 la 2e \u00e9dition de la <strong>St-Jean Rock Festival<\/strong> pour y r\u00e9aliser des interviews ainsi que la retransmission des concerts en live \ud83d\ude42<\/p>\n<p>Quel sympathique festival, tout en haut de la montagne ! Nous avons eu bien du plaisir \u00e0 vivre cette jolie soir\u00e9e pour vous la faire partager.<\/p>\n<p>Nous voudrions remercier la St-Jean Rock pour cette premi\u00e8re collaboration, les groupes pour les shows magnifiques et \u00e0 ceux qui sont venus \u00e0 nous pour les interviews, Jonathan Ruppen \/ Vibration108 pour le matos ainsi que sa bienveillance \u00e0 nous permettre de pouvoir r\u00e9aliser tout \u00e7aaaa.<br \/>\nMerci aussi \u00e0 vous, de l\u2019autre c\u00f4t\u00e9 du poste, pour ces oreilles d\u00e9pos\u00e9es sur cette soir\u00e9e haute en musique !<\/p>\n<p>Retrouvez tout prochainement les photos qui retracent une grande partie de la soir\u00e9e sur notre site ainsi que notre Facebook. Et retrouvez bient\u00f4t les interviews r\u00e9alis\u00e9es ainsi que quelques micro-public, en podcast.<\/p>\n<p>A dans deux ans ? \ud83d\ude42<\/p>\n","protected":false},"excerpt":{"rendered":"<p>Le 1er juillet, nous avons install\u00e9 notre petit studio \u00e0 la 2e \u00e9dition de la St-Jean Rock Festival pour y r\u00e9aliser des interviews ainsi que la retransmission des concerts en live \ud83d\ude42 Quel sympathique festival, tout en haut de la montagne ! Nous avons eu bien du plaisir \u00e0 vivre cette jolie soir\u00e9e pour vous la faire partager. Nous voudrions remercier la St-Jean Rock pour [&hellip;]<\/p>\n","protected":false},"author":2,"featured_media":7105,"comment_status":"open","ping_status":"closed","sticky":false,"template":"","format":"standard","meta":{"footnotes":""},"categories":[3],"tags":[],"class_list":["post-6999","post","type-post","status-publish","format-standard","has-post-thumbnail","hentry","category-quoi-de-neuf"],"_links":{"self":[{"href":"https:\/\/alpradio.com\/fr\/wp-json\/wp\/v2\/posts\/6999","targetHints":{"allow":["GET"]}}],"collection":[{"href":"https:\/\/alpradio.com\/fr\/wp-json\/wp\/v2\/posts"}],"about":[{"href":"https:\/\/alpradio.com\/fr\/wp-json\/wp\/v2\/types\/post"}],"author":[{"embeddable":true,"href":"https:\/\/alpradio.com\/fr\/wp-json\/wp\/v2\/users\/2"}],"replies":[{"embeddable":true,"href":"https:\/\/alpradio.com\/fr\/wp-json\/wp\/v2\/comments?post=6999"}],"version-history":[{"count":2,"href":"https:\/\/alpradio.com\/fr\/wp-json\/wp\/v2\/posts\/6999\/revisions"}],"predecessor-version":[{"id":7103,"href":"https:\/\/alpradio.com\/fr\/wp-json\/wp\/v2\/posts\/6999\/revisions\/7103"}],"wp:featuredmedia":[{"embeddable":true,"href":"https:\/\/alpradio.com\/fr\/wp-json\/wp\/v2\/media\/7105"}],"wp:attachment":[{"href":"https:\/\/alpradio.com\/fr\/wp-json\/wp\/v2\/media?parent=6999"}],"wp:term":[{"taxonomy":"category","embeddable":true,"href":"https:\/\/alpradio.com\/fr\/wp-json\/wp\/v2\/categories?post=6999"},{"taxonomy":"post_tag","embeddable":true,"href":"https:\/\/alpradio.com\/fr\/wp-json\/wp\/v2\/tags?post=6999"}],"curies":[{"name":"wp","href":"https:\/\/api.w.org\/{rel}","templated":true}]}}