{"id":7192,"date":"2017-07-20T01:52:35","date_gmt":"2017-07-20T00:52:35","guid":{"rendered":"http:\/\/alpradio.com\/fr\/?p=7192"},"modified":"2017-07-20T01:53:11","modified_gmt":"2017-07-20T00:53:11","slug":"interview-de-forma","status":"publish","type":"post","link":"https:\/\/alpradio.com\/fr\/interview-de-forma\/","title":{"rendered":"Interview de Forma"},"content":{"rendered":"<p><strong>Forma<\/strong> est venue nous pr\u00e9senter son premier EP \u00ab\u00a0J&rsquo;ai menti\u00a0\u00bb !<\/p>\n<p>Lionel l&rsquo;a accueillie avec des questions plus rocambolesques les unes que les autres !<\/p>\n<p>D\u00e9couvrez la talentueuse Forma, son EP, ses titres, ses vid\u00e9os et ses autres bizarreries, de m\u00eame que les raisons pour lesquelles les vaches sont tachet\u00e9es et pourquoi on ne voit jamais de b\u00e9b\u00e9 pigeon \u00e0 travers cette interview, \u00e0 l&rsquo;image de Forma: d\u00e9cal\u00e9e, chaleureuse, rigolote, joviale, dr\u00f4le, d\u00e9tendue, humoristique et \u00e0 peu pr\u00e8s s\u00e9rieuse !<\/p>\n<p>Un seul myst\u00e8re subsiste encore: mais pourquoi donc Forma nous ment-elle autant ???!?<\/p>\n<p><strong>Rendez-vous Lundi 24 juillet \u00e0 11h00<\/strong><br \/>\n<strong>Rediffusion Mercredi 26 juillet \u00e0 19h00 et Vendredi 28 juillet \u00e0 13h00 !<\/strong><\/p>\n","protected":false},"excerpt":{"rendered":"<p>Forma est venue nous pr\u00e9senter son premier EP \u00ab\u00a0J&rsquo;ai menti\u00a0\u00bb ! Lionel l&rsquo;a accueillie avec des questions plus rocambolesques les unes que les autres ! D\u00e9couvrez la talentueuse Forma, son EP, ses titres, ses vid\u00e9os et ses autres bizarreries, de m\u00eame que les raisons pour lesquelles les vaches sont tachet\u00e9es et pourquoi on ne voit jamais de b\u00e9b\u00e9 pigeon \u00e0 travers cette interview, \u00e0 l&rsquo;image [&hellip;]<\/p>\n","protected":false},"author":2,"featured_media":7195,"comment_status":"open","ping_status":"closed","sticky":false,"template":"","format":"standard","meta":{"footnotes":""},"categories":[3],"tags":[],"class_list":["post-7192","post","type-post","status-publish","format-standard","has-post-thumbnail","hentry","category-quoi-de-neuf"],"_links":{"self":[{"href":"https:\/\/alpradio.com\/fr\/wp-json\/wp\/v2\/posts\/7192","targetHints":{"allow":["GET"]}}],"collection":[{"href":"https:\/\/alpradio.com\/fr\/wp-json\/wp\/v2\/posts"}],"about":[{"href":"https:\/\/alpradio.com\/fr\/wp-json\/wp\/v2\/types\/post"}],"author":[{"embeddable":true,"href":"https:\/\/alpradio.com\/fr\/wp-json\/wp\/v2\/users\/2"}],"replies":[{"embeddable":true,"href":"https:\/\/alpradio.com\/fr\/wp-json\/wp\/v2\/comments?post=7192"}],"version-history":[{"count":2,"href":"https:\/\/alpradio.com\/fr\/wp-json\/wp\/v2\/posts\/7192\/revisions"}],"predecessor-version":[{"id":7196,"href":"https:\/\/alpradio.com\/fr\/wp-json\/wp\/v2\/posts\/7192\/revisions\/7196"}],"wp:featuredmedia":[{"embeddable":true,"href":"https:\/\/alpradio.com\/fr\/wp-json\/wp\/v2\/media\/7195"}],"wp:attachment":[{"href":"https:\/\/alpradio.com\/fr\/wp-json\/wp\/v2\/media?parent=7192"}],"wp:term":[{"taxonomy":"category","embeddable":true,"href":"https:\/\/alpradio.com\/fr\/wp-json\/wp\/v2\/categories?post=7192"},{"taxonomy":"post_tag","embeddable":true,"href":"https:\/\/alpradio.com\/fr\/wp-json\/wp\/v2\/tags?post=7192"}],"curies":[{"name":"wp","href":"https:\/\/api.w.org\/{rel}","templated":true}]}}