{"id":7261,"date":"2017-08-10T22:01:50","date_gmt":"2017-08-10T21:01:50","guid":{"rendered":"http:\/\/alpradio.com\/fr\/?p=7261"},"modified":"2017-08-10T22:01:50","modified_gmt":"2017-08-10T21:01:50","slug":"interview-du-chablues-festival-2","status":"publish","type":"post","link":"https:\/\/alpradio.com\/fr\/interview-du-chablues-festival-2\/","title":{"rendered":"Interview du Chablues Festival"},"content":{"rendered":"<p>Le <strong>Chablues Festival<\/strong> est de retour dans notre studio avec <strong>Guillaume Abbey<\/strong> qui vient nous donner la temp\u00e9rature de cette 2e \u00e9dition le 12 ao\u00fbt \u00e0 Monthey et nous d\u00e9voile la programmation bien r\u00e9jouissante \ud83d\ude42 aussi, il nous fait un petit bilan de la 1\u00e8re \u00e9dition qui a \u00e9t\u00e9 une r\u00e9ussite !<\/p>\n<p>www.chablues.ch !<\/p>\n<p>Sachez aussi qu\u2019apr\u00e8s le festival, la f\u00eate continue avec, de Minuit \u00e0 2h00, une jam du c\u00f4t\u00e9 du Tattoo Bar !<\/p>\n<p><strong>Diffusion ce vendredi 11 ao\u00fbt \u00e0 11h00<\/strong><br \/>\n<strong>et rediffusion le jour j du festival, le 12 aout \u00e0 12h00 !<\/strong><\/p>\n<p>Bravo et Merci le Chablues pour vos belles initiatives et ces beaux \u00e9changes \ud83d\ude42<\/p>\n","protected":false},"excerpt":{"rendered":"<p>Le Chablues Festival est de retour dans notre studio avec Guillaume Abbey qui vient nous donner la temp\u00e9rature de cette 2e \u00e9dition le 12 ao\u00fbt \u00e0 Monthey et nous d\u00e9voile la programmation bien r\u00e9jouissante \ud83d\ude42 aussi, il nous fait un petit bilan de la 1\u00e8re \u00e9dition qui a \u00e9t\u00e9 une r\u00e9ussite ! www.chablues.ch ! Sachez aussi qu\u2019apr\u00e8s le festival, la f\u00eate continue avec, de Minuit [&hellip;]<\/p>\n","protected":false},"author":2,"featured_media":7267,"comment_status":"open","ping_status":"closed","sticky":false,"template":"","format":"standard","meta":{"footnotes":""},"categories":[3],"tags":[],"class_list":["post-7261","post","type-post","status-publish","format-standard","has-post-thumbnail","hentry","category-quoi-de-neuf"],"_links":{"self":[{"href":"https:\/\/alpradio.com\/fr\/wp-json\/wp\/v2\/posts\/7261","targetHints":{"allow":["GET"]}}],"collection":[{"href":"https:\/\/alpradio.com\/fr\/wp-json\/wp\/v2\/posts"}],"about":[{"href":"https:\/\/alpradio.com\/fr\/wp-json\/wp\/v2\/types\/post"}],"author":[{"embeddable":true,"href":"https:\/\/alpradio.com\/fr\/wp-json\/wp\/v2\/users\/2"}],"replies":[{"embeddable":true,"href":"https:\/\/alpradio.com\/fr\/wp-json\/wp\/v2\/comments?post=7261"}],"version-history":[{"count":3,"href":"https:\/\/alpradio.com\/fr\/wp-json\/wp\/v2\/posts\/7261\/revisions"}],"predecessor-version":[{"id":7269,"href":"https:\/\/alpradio.com\/fr\/wp-json\/wp\/v2\/posts\/7261\/revisions\/7269"}],"wp:featuredmedia":[{"embeddable":true,"href":"https:\/\/alpradio.com\/fr\/wp-json\/wp\/v2\/media\/7267"}],"wp:attachment":[{"href":"https:\/\/alpradio.com\/fr\/wp-json\/wp\/v2\/media?parent=7261"}],"wp:term":[{"taxonomy":"category","embeddable":true,"href":"https:\/\/alpradio.com\/fr\/wp-json\/wp\/v2\/categories?post=7261"},{"taxonomy":"post_tag","embeddable":true,"href":"https:\/\/alpradio.com\/fr\/wp-json\/wp\/v2\/tags?post=7261"}],"curies":[{"name":"wp","href":"https:\/\/api.w.org\/{rel}","templated":true}]}}