{"id":7311,"date":"2017-10-01T20:27:20","date_gmt":"2017-10-01T19:27:20","guid":{"rendered":"http:\/\/alpradio.com\/fr\/?p=7311"},"modified":"2017-10-01T20:27:20","modified_gmt":"2017-10-01T19:27:20","slug":"interview-du-bout-du-monde-de-vevey","status":"publish","type":"post","link":"https:\/\/alpradio.com\/fr\/interview-du-bout-du-monde-de-vevey\/","title":{"rendered":"Interview du Bout du Monde de Vevey"},"content":{"rendered":"<p>Fred, programmateur du <strong>Bout du Monde<\/strong> de Vevey, vient nous parler de ce lieu tr\u00e8s vivant mais aussi de la 6e \u00e9dition du festival du Bout du Monde qui se d\u00e9roule le 6 et le 7 octobre prochain au th\u00e9\u00e2tre de l\u2019Oriental \ud83d\ude42<\/p>\n<p>www.leboutdumonde.ch !<\/p>\n<p>Nous abordons le coeur de cette jolie famille qu\u2019est Le Bout du Monde, l\u2019association,<br \/>\nla programmation de la saison et du festival, des anecdotes et bien de belles choses !<\/p>\n<p><strong>Diffusion : Mardi 3 octobre \u00e0 11h00<\/strong><br \/>\n<strong>Rediffusion : Vendredi 6 octobre \u00e0 12h00 !<\/strong><\/p>\n<p>Merci au Bout du Monde d\u2019\u00eatre venu nous parler de cette belle aventure \ud83d\ude09<\/p>\n","protected":false},"excerpt":{"rendered":"<p>Fred, programmateur du Bout du Monde de Vevey, vient nous parler de ce lieu tr\u00e8s vivant mais aussi de la 6e \u00e9dition du festival du Bout du Monde qui se d\u00e9roule le 6 et le 7 octobre prochain au th\u00e9\u00e2tre de l\u2019Oriental \ud83d\ude42 www.leboutdumonde.ch ! Nous abordons le coeur de cette jolie famille qu\u2019est Le Bout du Monde, l\u2019association, la programmation de la saison et [&hellip;]<\/p>\n","protected":false},"author":2,"featured_media":7312,"comment_status":"open","ping_status":"closed","sticky":false,"template":"","format":"standard","meta":{"footnotes":""},"categories":[3],"tags":[],"class_list":["post-7311","post","type-post","status-publish","format-standard","has-post-thumbnail","hentry","category-quoi-de-neuf"],"_links":{"self":[{"href":"https:\/\/alpradio.com\/fr\/wp-json\/wp\/v2\/posts\/7311","targetHints":{"allow":["GET"]}}],"collection":[{"href":"https:\/\/alpradio.com\/fr\/wp-json\/wp\/v2\/posts"}],"about":[{"href":"https:\/\/alpradio.com\/fr\/wp-json\/wp\/v2\/types\/post"}],"author":[{"embeddable":true,"href":"https:\/\/alpradio.com\/fr\/wp-json\/wp\/v2\/users\/2"}],"replies":[{"embeddable":true,"href":"https:\/\/alpradio.com\/fr\/wp-json\/wp\/v2\/comments?post=7311"}],"version-history":[{"count":1,"href":"https:\/\/alpradio.com\/fr\/wp-json\/wp\/v2\/posts\/7311\/revisions"}],"predecessor-version":[{"id":7313,"href":"https:\/\/alpradio.com\/fr\/wp-json\/wp\/v2\/posts\/7311\/revisions\/7313"}],"wp:featuredmedia":[{"embeddable":true,"href":"https:\/\/alpradio.com\/fr\/wp-json\/wp\/v2\/media\/7312"}],"wp:attachment":[{"href":"https:\/\/alpradio.com\/fr\/wp-json\/wp\/v2\/media?parent=7311"}],"wp:term":[{"taxonomy":"category","embeddable":true,"href":"https:\/\/alpradio.com\/fr\/wp-json\/wp\/v2\/categories?post=7311"},{"taxonomy":"post_tag","embeddable":true,"href":"https:\/\/alpradio.com\/fr\/wp-json\/wp\/v2\/tags?post=7311"}],"curies":[{"name":"wp","href":"https:\/\/api.w.org\/{rel}","templated":true}]}}