{"id":7341,"date":"2017-10-03T20:04:04","date_gmt":"2017-10-03T19:04:04","guid":{"rendered":"http:\/\/alpradio.com\/fr\/?p=7341"},"modified":"2017-10-03T20:04:04","modified_gmt":"2017-10-03T19:04:04","slug":"co2-avec-korrigan-circus","status":"publish","type":"post","link":"https:\/\/alpradio.com\/fr\/co2-avec-korrigan-circus\/","title":{"rendered":"Co2 avec Korrigan Circus"},"content":{"rendered":"<p>Nouvelle saison pour Co2 ! Et pour cette premi\u00e8re de l\u2019automne, nous avons l\u2019honneur de recevoir <strong>Korrigan Circus<\/strong>, de retour sur leurs terres suisse pour quelques concerts avant de repartir sur l\u2019\u00eele de La Palma, aux Canaries, leur nouvelle maison depuis quelques ann\u00e9es.<\/p>\n<p>Au programme, <strong>interview de Korrigan Circus, Hippolyte notre reporter de l\u2019espace, le reportage de Laura qui est all\u00e9e \u00e0 la rencontre du Biotruck, la chronique musicale du monde avec Sam et le meilleur pour la fin avec un showcase de Korrigan Circus.<\/strong><\/p>\n<p><strong>Rendez-vous jeudi 5 octobre \u00e0 19h00 sur www.alpradio.ch ou sur l\u2019application Vibration Radios avec vos t\u00e9l\u00e9phones.<\/strong><br \/>\n<strong>Rediffusion : Samedi 7 octobre \u00e0 12h00.<\/strong><\/p>\n<p>Quelle chance que d\u2019avoir pu r\u00e9aliser cette \u00e9mission avec Korrigan Circus venus tout droit de la for\u00eat avec leur instruments dansants, leur belles vibrations et leur coeur, nous les remercions infiniment pour ces instants voyageurs et m\u00e9ditatifs. Merci \u00e0 Vibration108 et Jonathan qui nous fait de super vid\u00e9os et Sergio pour les photos \ud83d\ude42<\/p>\n<p>A bient\u00f4t pour la prochaine de Co2 !<\/p>\n","protected":false},"excerpt":{"rendered":"<p>Nouvelle saison pour Co2 ! Et pour cette premi\u00e8re de l\u2019automne, nous avons l\u2019honneur de recevoir Korrigan Circus, de retour sur leurs terres suisse pour quelques concerts avant de repartir sur l\u2019\u00eele de La Palma, aux Canaries, leur nouvelle maison depuis quelques ann\u00e9es. Au programme, interview de Korrigan Circus, Hippolyte notre reporter de l\u2019espace, le reportage de Laura qui est all\u00e9e \u00e0 la rencontre du [&hellip;]<\/p>\n","protected":false},"author":2,"featured_media":7342,"comment_status":"open","ping_status":"closed","sticky":false,"template":"","format":"standard","meta":{"footnotes":""},"categories":[3],"tags":[],"class_list":["post-7341","post","type-post","status-publish","format-standard","has-post-thumbnail","hentry","category-quoi-de-neuf"],"_links":{"self":[{"href":"https:\/\/alpradio.com\/fr\/wp-json\/wp\/v2\/posts\/7341","targetHints":{"allow":["GET"]}}],"collection":[{"href":"https:\/\/alpradio.com\/fr\/wp-json\/wp\/v2\/posts"}],"about":[{"href":"https:\/\/alpradio.com\/fr\/wp-json\/wp\/v2\/types\/post"}],"author":[{"embeddable":true,"href":"https:\/\/alpradio.com\/fr\/wp-json\/wp\/v2\/users\/2"}],"replies":[{"embeddable":true,"href":"https:\/\/alpradio.com\/fr\/wp-json\/wp\/v2\/comments?post=7341"}],"version-history":[{"count":1,"href":"https:\/\/alpradio.com\/fr\/wp-json\/wp\/v2\/posts\/7341\/revisions"}],"predecessor-version":[{"id":7343,"href":"https:\/\/alpradio.com\/fr\/wp-json\/wp\/v2\/posts\/7341\/revisions\/7343"}],"wp:featuredmedia":[{"embeddable":true,"href":"https:\/\/alpradio.com\/fr\/wp-json\/wp\/v2\/media\/7342"}],"wp:attachment":[{"href":"https:\/\/alpradio.com\/fr\/wp-json\/wp\/v2\/media?parent=7341"}],"wp:term":[{"taxonomy":"category","embeddable":true,"href":"https:\/\/alpradio.com\/fr\/wp-json\/wp\/v2\/categories?post=7341"},{"taxonomy":"post_tag","embeddable":true,"href":"https:\/\/alpradio.com\/fr\/wp-json\/wp\/v2\/tags?post=7341"}],"curies":[{"name":"wp","href":"https:\/\/api.w.org\/{rel}","templated":true}]}}