{"id":7389,"date":"2017-10-08T20:25:14","date_gmt":"2017-10-08T19:25:14","guid":{"rendered":"http:\/\/alpradio.com\/fr\/?p=7389"},"modified":"2017-10-08T20:25:14","modified_gmt":"2017-10-08T19:25:14","slug":"interview-avec-monia-esposito-bio-truck","status":"publish","type":"post","link":"https:\/\/alpradio.com\/fr\/interview-avec-monia-esposito-bio-truck\/","title":{"rendered":"Interview avec Monia Esposito &#8211; Bio Truck"},"content":{"rendered":"<p>Nous sommes all\u00e9s \u00e0 la rencontre de <strong>Monia<\/strong> qui nous fait visiter son <strong>Bio Truck<\/strong>, un food truck responsable, v\u00e9g\u00e9tarien et z\u00e9ro d\u00e9chet \ud83d\ude42 elle nous parle de cette superbe aventure, la d\u00e9marche et tout ce qui entoure ce magnifique projet. Elle nous pr\u00e9pare un hamburger v\u00e9g\u00e9tarien accompagn\u00e9e d\u2019une salade de quinoa, en live. Les papilles se r\u00e9veillent, un vrai d\u00e9lice ! Une belle surprise ce BioTruck.<\/p>\n<p><strong>L\u2019interview est diffus\u00e9e ce Mardi 10 octobre \u00e0 11h00<\/strong><br \/>\n<strong>Rediffusion : Jeudi 12 octobre \u00e0 19h00<\/strong><\/p>\n<p>Merci, nous avons \u00e9t\u00e9 tr\u00e8s touch\u00e9s par cette belle initiative, ce beau projet avec des menus sains et d\u00e9licieux et fait avec amour surtout !<\/p>\n<p>www.biotruck.ch<\/p>\n","protected":false},"excerpt":{"rendered":"<p>Nous sommes all\u00e9s \u00e0 la rencontre de Monia qui nous fait visiter son Bio Truck, un food truck responsable, v\u00e9g\u00e9tarien et z\u00e9ro d\u00e9chet \ud83d\ude42 elle nous parle de cette superbe aventure, la d\u00e9marche et tout ce qui entoure ce magnifique projet. Elle nous pr\u00e9pare un hamburger v\u00e9g\u00e9tarien accompagn\u00e9e d\u2019une salade de quinoa, en live. Les papilles se r\u00e9veillent, un vrai d\u00e9lice ! Une belle surprise [&hellip;]<\/p>\n","protected":false},"author":2,"featured_media":7394,"comment_status":"open","ping_status":"closed","sticky":false,"template":"","format":"standard","meta":{"footnotes":""},"categories":[3],"tags":[],"class_list":["post-7389","post","type-post","status-publish","format-standard","has-post-thumbnail","hentry","category-quoi-de-neuf"],"_links":{"self":[{"href":"https:\/\/alpradio.com\/fr\/wp-json\/wp\/v2\/posts\/7389","targetHints":{"allow":["GET"]}}],"collection":[{"href":"https:\/\/alpradio.com\/fr\/wp-json\/wp\/v2\/posts"}],"about":[{"href":"https:\/\/alpradio.com\/fr\/wp-json\/wp\/v2\/types\/post"}],"author":[{"embeddable":true,"href":"https:\/\/alpradio.com\/fr\/wp-json\/wp\/v2\/users\/2"}],"replies":[{"embeddable":true,"href":"https:\/\/alpradio.com\/fr\/wp-json\/wp\/v2\/comments?post=7389"}],"version-history":[{"count":2,"href":"https:\/\/alpradio.com\/fr\/wp-json\/wp\/v2\/posts\/7389\/revisions"}],"predecessor-version":[{"id":7393,"href":"https:\/\/alpradio.com\/fr\/wp-json\/wp\/v2\/posts\/7389\/revisions\/7393"}],"wp:featuredmedia":[{"embeddable":true,"href":"https:\/\/alpradio.com\/fr\/wp-json\/wp\/v2\/media\/7394"}],"wp:attachment":[{"href":"https:\/\/alpradio.com\/fr\/wp-json\/wp\/v2\/media?parent=7389"}],"wp:term":[{"taxonomy":"category","embeddable":true,"href":"https:\/\/alpradio.com\/fr\/wp-json\/wp\/v2\/categories?post=7389"},{"taxonomy":"post_tag","embeddable":true,"href":"https:\/\/alpradio.com\/fr\/wp-json\/wp\/v2\/tags?post=7389"}],"curies":[{"name":"wp","href":"https:\/\/api.w.org\/{rel}","templated":true}]}}