{"id":7475,"date":"2017-11-06T11:12:48","date_gmt":"2017-11-06T10:12:48","guid":{"rendered":"http:\/\/alpradio.com\/fr\/?p=7475"},"modified":"2017-11-06T11:16:21","modified_gmt":"2017-11-06T10:16:21","slug":"co2-avec-oh-my-deer","status":"publish","type":"post","link":"https:\/\/alpradio.com\/fr\/co2-avec-oh-my-deer\/","title":{"rendered":"Co2 avec Oh My Deer"},"content":{"rendered":"<p>Que de rire et de bonne humeur dans le studio avec le groupe <strong>Oh My Deer<\/strong> qui se sont d\u00e9plac\u00e9s de Bienne pour nous voir !<\/p>\n<p>Au programme, <strong>interview de Oh My Deer, Hippolyte le petit reporter de l\u2019espace, le reportage de Laura qui est all\u00e9e rencontrer Ivan Micello dans son atelier pour nous parler de ses dessins et de ses fresques, dont celle de Corto Maltese et de Yakari r\u00e9alis\u00e9es \u00e0 Clarens \ud83d\ude42 la chronique surprise de Pierric et toujours le meilleur pour la fin avec le showcase de Oh My Deer !<\/strong><\/p>\n<p><strong>Rendez-vous jeudi 9 novembre \u00e0 19h00 sur www.alpradio.ch ou sur l\u2019application Vibration Radios avec vos t\u00e9l\u00e9phones.<\/strong><br \/>\n<strong>Rediffusion : Samedi 11 novembre \u00e0 12h00.<\/strong><\/p>\n<p>Quelle belle d\u00e9couverte ce duo magnifique qu\u2019est Jessanna &amp; Baptiste de Oh My Deer ! Merci \u00e0 tous les deux. Merci \u00e0 Vibration108 et Jonathan pour ces super vid\u00e9os qu\u2019on va pouvoir retrouver tr\u00e8s bient\u00f4t par ici, ainsi que Yann de retour pour nous faire des photos fantastiques !<\/p>\n<p>On se retrouve l\u2019ann\u00e9e prochaine, en f\u00e9vrier pour une \u00e9mission en public ! Restez connect\u00e9s \ud83d\ude42<\/p>\n","protected":false},"excerpt":{"rendered":"<p>Que de rire et de bonne humeur dans le studio avec le groupe Oh My Deer qui se sont d\u00e9plac\u00e9s de Bienne pour nous voir ! Au programme, interview de Oh My Deer, Hippolyte le petit reporter de l\u2019espace, le reportage de Laura qui est all\u00e9e rencontrer Ivan Micello dans son atelier pour nous parler de ses dessins et de ses fresques, dont celle de [&hellip;]<\/p>\n","protected":false},"author":2,"featured_media":7478,"comment_status":"open","ping_status":"closed","sticky":false,"template":"","format":"standard","meta":{"footnotes":""},"categories":[3],"tags":[],"class_list":["post-7475","post","type-post","status-publish","format-standard","has-post-thumbnail","hentry","category-quoi-de-neuf"],"_links":{"self":[{"href":"https:\/\/alpradio.com\/fr\/wp-json\/wp\/v2\/posts\/7475","targetHints":{"allow":["GET"]}}],"collection":[{"href":"https:\/\/alpradio.com\/fr\/wp-json\/wp\/v2\/posts"}],"about":[{"href":"https:\/\/alpradio.com\/fr\/wp-json\/wp\/v2\/types\/post"}],"author":[{"embeddable":true,"href":"https:\/\/alpradio.com\/fr\/wp-json\/wp\/v2\/users\/2"}],"replies":[{"embeddable":true,"href":"https:\/\/alpradio.com\/fr\/wp-json\/wp\/v2\/comments?post=7475"}],"version-history":[{"count":2,"href":"https:\/\/alpradio.com\/fr\/wp-json\/wp\/v2\/posts\/7475\/revisions"}],"predecessor-version":[{"id":7479,"href":"https:\/\/alpradio.com\/fr\/wp-json\/wp\/v2\/posts\/7475\/revisions\/7479"}],"wp:featuredmedia":[{"embeddable":true,"href":"https:\/\/alpradio.com\/fr\/wp-json\/wp\/v2\/media\/7478"}],"wp:attachment":[{"href":"https:\/\/alpradio.com\/fr\/wp-json\/wp\/v2\/media?parent=7475"}],"wp:term":[{"taxonomy":"category","embeddable":true,"href":"https:\/\/alpradio.com\/fr\/wp-json\/wp\/v2\/categories?post=7475"},{"taxonomy":"post_tag","embeddable":true,"href":"https:\/\/alpradio.com\/fr\/wp-json\/wp\/v2\/tags?post=7475"}],"curies":[{"name":"wp","href":"https:\/\/api.w.org\/{rel}","templated":true}]}}