{"id":7539,"date":"2017-11-12T22:01:32","date_gmt":"2017-11-12T21:01:32","guid":{"rendered":"http:\/\/alpradio.com\/fr\/?p=7539"},"modified":"2017-11-12T22:01:32","modified_gmt":"2017-11-12T21:01:32","slug":"interview-avec-ivan-micello-fresques-et-dessins-micello","status":"publish","type":"post","link":"https:\/\/alpradio.com\/fr\/interview-avec-ivan-micello-fresques-et-dessins-micello\/","title":{"rendered":"Interview avec Ivan Micello &#8211; Fresques et dessins Micello"},"content":{"rendered":"<p>Nous avons \u00e9t\u00e9 accueilli chez<strong> Ivan Micello<\/strong>, dans son charmant petit atelier qui se trouve sous les combles \ud83d\ude42 Il nous parle de ses dessins et de ses fresques dont celles r\u00e9alis\u00e9es sur deux fa\u00e7ades \u00e0 Clarens. Passionn\u00e9 de BD, il a r\u00e9alis\u00e9 un Corto Maltese ainsi qu\u2019un Yakari et nous parle de sa rencontre avec Derib ! Que de belles surprises pour ce talentueux jeune-homme qui nous raconte avec son coeur, son parcours et sa passion \ud83d\ude42<\/p>\n<p><strong>L\u2019interview est diffus\u00e9e ce Mardi 14 novembre \u00e0 11h00<\/strong><br \/>\n<strong>Rediffusion : Jeudi 16 novembre \u00e0 19h00<\/strong><\/p>\n<p>Merci \u00e0 Ivan pour ce sympathique moment, cette aquarelle faite en live, entour\u00e9s de ses sublimes pi\u00e8ces de collections et de ses nombreuses cr\u00e9ations !<\/p>\n<p>www.facebook.com\/fresquesmicello<\/p>\n","protected":false},"excerpt":{"rendered":"<p>Nous avons \u00e9t\u00e9 accueilli chez Ivan Micello, dans son charmant petit atelier qui se trouve sous les combles \ud83d\ude42 Il nous parle de ses dessins et de ses fresques dont celles r\u00e9alis\u00e9es sur deux fa\u00e7ades \u00e0 Clarens. Passionn\u00e9 de BD, il a r\u00e9alis\u00e9 un Corto Maltese ainsi qu\u2019un Yakari et nous parle de sa rencontre avec Derib ! Que de belles surprises pour ce talentueux [&hellip;]<\/p>\n","protected":false},"author":2,"featured_media":7544,"comment_status":"open","ping_status":"closed","sticky":false,"template":"","format":"standard","meta":{"footnotes":""},"categories":[3],"tags":[],"class_list":["post-7539","post","type-post","status-publish","format-standard","has-post-thumbnail","hentry","category-quoi-de-neuf"],"_links":{"self":[{"href":"https:\/\/alpradio.com\/fr\/wp-json\/wp\/v2\/posts\/7539","targetHints":{"allow":["GET"]}}],"collection":[{"href":"https:\/\/alpradio.com\/fr\/wp-json\/wp\/v2\/posts"}],"about":[{"href":"https:\/\/alpradio.com\/fr\/wp-json\/wp\/v2\/types\/post"}],"author":[{"embeddable":true,"href":"https:\/\/alpradio.com\/fr\/wp-json\/wp\/v2\/users\/2"}],"replies":[{"embeddable":true,"href":"https:\/\/alpradio.com\/fr\/wp-json\/wp\/v2\/comments?post=7539"}],"version-history":[{"count":1,"href":"https:\/\/alpradio.com\/fr\/wp-json\/wp\/v2\/posts\/7539\/revisions"}],"predecessor-version":[{"id":7541,"href":"https:\/\/alpradio.com\/fr\/wp-json\/wp\/v2\/posts\/7539\/revisions\/7541"}],"wp:featuredmedia":[{"embeddable":true,"href":"https:\/\/alpradio.com\/fr\/wp-json\/wp\/v2\/media\/7544"}],"wp:attachment":[{"href":"https:\/\/alpradio.com\/fr\/wp-json\/wp\/v2\/media?parent=7539"}],"wp:term":[{"taxonomy":"category","embeddable":true,"href":"https:\/\/alpradio.com\/fr\/wp-json\/wp\/v2\/categories?post=7539"},{"taxonomy":"post_tag","embeddable":true,"href":"https:\/\/alpradio.com\/fr\/wp-json\/wp\/v2\/tags?post=7539"}],"curies":[{"name":"wp","href":"https:\/\/api.w.org\/{rel}","templated":true}]}}