{"id":7609,"date":"2017-11-25T22:26:15","date_gmt":"2017-11-25T21:26:15","guid":{"rendered":"http:\/\/alpradio.com\/fr\/?p=7609"},"modified":"2017-11-25T22:26:15","modified_gmt":"2017-11-25T21:26:15","slug":"interview-du-sanity-fest","status":"publish","type":"post","link":"https:\/\/alpradio.com\/fr\/interview-du-sanity-fest\/","title":{"rendered":"Interview du Sanity Fest"},"content":{"rendered":"<p>Le <strong>Sanity Fest<\/strong> est de retour dans notre studio avec <strong>Benjamin et Morgane<\/strong> qui viennent nous annoncer sa 2e \u00e9dition le 2 d\u00e9cembre prochain au Pont Rouge de Monthey et nous font un petit retour sur le concept de l&rsquo;\u00e9v\u00e9nement, nous parlent de l\u2019investissement et des nouveaut\u00e9s de cette ann\u00e9e. Nous faisons aussi un point sur la 1\u00e8re \u00e9dition qui a \u00e9t\u00e9 une belle surprise !<\/p>\n<p>www.acouphene.co<\/p>\n<p><strong>Diffusion : Mardi 28 novembre \u00e0 12h00\u2028<\/strong><br \/>\n<strong>Rediffusion : Jeudi 30 novembre \u00e0 19h00<\/strong><\/p>\n<p>Merci \u00e0 tous les deux et tout bon fest !<\/p>\n","protected":false},"excerpt":{"rendered":"<p>Le Sanity Fest est de retour dans notre studio avec Benjamin et Morgane qui viennent nous annoncer sa 2e \u00e9dition le 2 d\u00e9cembre prochain au Pont Rouge de Monthey et nous font un petit retour sur le concept de l&rsquo;\u00e9v\u00e9nement, nous parlent de l\u2019investissement et des nouveaut\u00e9s de cette ann\u00e9e. Nous faisons aussi un point sur la 1\u00e8re \u00e9dition qui a \u00e9t\u00e9 une belle surprise [&hellip;]<\/p>\n","protected":false},"author":2,"featured_media":7610,"comment_status":"open","ping_status":"closed","sticky":false,"template":"","format":"standard","meta":{"footnotes":""},"categories":[3],"tags":[],"class_list":["post-7609","post","type-post","status-publish","format-standard","has-post-thumbnail","hentry","category-quoi-de-neuf"],"_links":{"self":[{"href":"https:\/\/alpradio.com\/fr\/wp-json\/wp\/v2\/posts\/7609","targetHints":{"allow":["GET"]}}],"collection":[{"href":"https:\/\/alpradio.com\/fr\/wp-json\/wp\/v2\/posts"}],"about":[{"href":"https:\/\/alpradio.com\/fr\/wp-json\/wp\/v2\/types\/post"}],"author":[{"embeddable":true,"href":"https:\/\/alpradio.com\/fr\/wp-json\/wp\/v2\/users\/2"}],"replies":[{"embeddable":true,"href":"https:\/\/alpradio.com\/fr\/wp-json\/wp\/v2\/comments?post=7609"}],"version-history":[{"count":2,"href":"https:\/\/alpradio.com\/fr\/wp-json\/wp\/v2\/posts\/7609\/revisions"}],"predecessor-version":[{"id":7612,"href":"https:\/\/alpradio.com\/fr\/wp-json\/wp\/v2\/posts\/7609\/revisions\/7612"}],"wp:featuredmedia":[{"embeddable":true,"href":"https:\/\/alpradio.com\/fr\/wp-json\/wp\/v2\/media\/7610"}],"wp:attachment":[{"href":"https:\/\/alpradio.com\/fr\/wp-json\/wp\/v2\/media?parent=7609"}],"wp:term":[{"taxonomy":"category","embeddable":true,"href":"https:\/\/alpradio.com\/fr\/wp-json\/wp\/v2\/categories?post=7609"},{"taxonomy":"post_tag","embeddable":true,"href":"https:\/\/alpradio.com\/fr\/wp-json\/wp\/v2\/tags?post=7609"}],"curies":[{"name":"wp","href":"https:\/\/api.w.org\/{rel}","templated":true}]}}