{"id":7630,"date":"2017-12-16T22:05:14","date_gmt":"2017-12-16T21:05:14","guid":{"rendered":"http:\/\/alpradio.com\/fr\/?p=7630"},"modified":"2017-12-16T22:05:14","modified_gmt":"2017-12-16T21:05:14","slug":"interview-de-timanfaya","status":"publish","type":"post","link":"https:\/\/alpradio.com\/fr\/interview-de-timanfaya\/","title":{"rendered":"Interview de TimanFaya"},"content":{"rendered":"<p>Pour la derni\u00e8re interview de l\u2019ann\u00e9e, on fait connaissance avec le groupe de reggae Montheysan <strong>TimanFaya <\/strong>\ud83d\ude42 ils nous racontent la formation du groupe, leur textes, les lives, nous parlent de leur EP fraichement sorti en novembre et d\u00e9couvrez aussi quelques extraits \u00e0 retrouver d&rsquo;ailleurs dans notre playlist !<\/p>\n<p><a href=\"http:\/\/www.oxalis-records.com\">www.oxalis-records.com<\/a><\/p>\n<p><strong>Diffusion : Lundi 18 d\u00e9cembre \u00e0 11h00<\/strong><br \/>\n<strong>\u2028Rediffusion : Jeudi 21 d\u00e9cembre \u00e0 19h00<\/strong><\/p>\n<p>Merci \u00e0 tous les deux pour cet \u00e9change et une petite pens\u00e9e pour leur acolyte qui n\u2019a pu \u00eatre des n\u00f4tres pour l\u2019occasion \ud83d\ude09<\/p>\n","protected":false},"excerpt":{"rendered":"<p>Pour la derni\u00e8re interview de l\u2019ann\u00e9e, on fait connaissance avec le groupe de reggae Montheysan TimanFaya \ud83d\ude42 ils nous racontent la formation du groupe, leur textes, les lives, nous parlent de leur EP fraichement sorti en novembre et d\u00e9couvrez aussi quelques extraits \u00e0 retrouver d&rsquo;ailleurs dans notre playlist ! www.oxalis-records.com Diffusion : Lundi 18 d\u00e9cembre \u00e0 11h00 \u2028Rediffusion : Jeudi 21 d\u00e9cembre \u00e0 19h00 Merci [&hellip;]<\/p>\n","protected":false},"author":2,"featured_media":7631,"comment_status":"open","ping_status":"closed","sticky":false,"template":"","format":"standard","meta":{"footnotes":""},"categories":[3],"tags":[],"class_list":["post-7630","post","type-post","status-publish","format-standard","has-post-thumbnail","hentry","category-quoi-de-neuf"],"_links":{"self":[{"href":"https:\/\/alpradio.com\/fr\/wp-json\/wp\/v2\/posts\/7630","targetHints":{"allow":["GET"]}}],"collection":[{"href":"https:\/\/alpradio.com\/fr\/wp-json\/wp\/v2\/posts"}],"about":[{"href":"https:\/\/alpradio.com\/fr\/wp-json\/wp\/v2\/types\/post"}],"author":[{"embeddable":true,"href":"https:\/\/alpradio.com\/fr\/wp-json\/wp\/v2\/users\/2"}],"replies":[{"embeddable":true,"href":"https:\/\/alpradio.com\/fr\/wp-json\/wp\/v2\/comments?post=7630"}],"version-history":[{"count":1,"href":"https:\/\/alpradio.com\/fr\/wp-json\/wp\/v2\/posts\/7630\/revisions"}],"predecessor-version":[{"id":7632,"href":"https:\/\/alpradio.com\/fr\/wp-json\/wp\/v2\/posts\/7630\/revisions\/7632"}],"wp:featuredmedia":[{"embeddable":true,"href":"https:\/\/alpradio.com\/fr\/wp-json\/wp\/v2\/media\/7631"}],"wp:attachment":[{"href":"https:\/\/alpradio.com\/fr\/wp-json\/wp\/v2\/media?parent=7630"}],"wp:term":[{"taxonomy":"category","embeddable":true,"href":"https:\/\/alpradio.com\/fr\/wp-json\/wp\/v2\/categories?post=7630"},{"taxonomy":"post_tag","embeddable":true,"href":"https:\/\/alpradio.com\/fr\/wp-json\/wp\/v2\/tags?post=7630"}],"curies":[{"name":"wp","href":"https:\/\/api.w.org\/{rel}","templated":true}]}}