{"id":7666,"date":"2018-01-01T19:19:29","date_gmt":"2018-01-01T18:19:29","guid":{"rendered":"http:\/\/alpradio.com\/fr\/?p=7666"},"modified":"2018-01-01T19:19:29","modified_gmt":"2018-01-01T18:19:29","slug":"belles-fetes","status":"publish","type":"post","link":"https:\/\/alpradio.com\/fr\/belles-fetes\/","title":{"rendered":"Belles f\u00eates !"},"content":{"rendered":"<p>Toute la team d&rsquo;AlpRadio vous souhaite de merveilleuses f\u00eates \ud83c\udf84 \u2728<\/p>\n<p>Une ann\u00e9e riche en musique, des rencontres musicales et artistiques magnifiques, des \u00e9missions inoubliables avec nos invit\u00e9s cette ann\u00e9e : M\u00e9andre, HUNDRED DAYS, Meimuna, Elsandy &amp; Louisa Bey, Grand Barrosa, iFolk, Korrigan Circus et Oh My Deer ! Vivement la suite de l\u2019aventure en 2018 avec encore des surprises \ud83d\ude42<\/p>\n<p>Sans oublier le St-Jean Rock, des interviews m\u00e9morables et cette fantastique musique qui nous parvient chaque semaines avec de superbes d\u00e9couvertes. Merci \u00e0 nouveau pour la confiance et tous ces retours b\u00e9n\u00e9fiques !<\/p>\n<p>On vous donne rendez-vous le 10 f\u00e9vrier pour notre \u00e9mission en public (plus d&rsquo;infos bient\u00f4t) et on vous remercie pour tous ces beaux \u00e9changes. Quelle pr\u00e9cieuse aventure qu\u2019est AlpRadio !<\/p>\n","protected":false},"excerpt":{"rendered":"<p>Toute la team d&rsquo;AlpRadio vous souhaite de merveilleuses f\u00eates \ud83c\udf84 \u2728 Une ann\u00e9e riche en musique, des rencontres musicales et artistiques magnifiques, des \u00e9missions inoubliables avec nos invit\u00e9s cette ann\u00e9e : M\u00e9andre, HUNDRED DAYS, Meimuna, Elsandy &amp; Louisa Bey, Grand Barrosa, iFolk, Korrigan Circus et Oh My Deer ! Vivement la suite de l\u2019aventure en 2018 avec encore des surprises \ud83d\ude42 Sans oublier le St-Jean [&hellip;]<\/p>\n","protected":false},"author":2,"featured_media":7669,"comment_status":"open","ping_status":"closed","sticky":false,"template":"","format":"standard","meta":{"footnotes":""},"categories":[3],"tags":[],"class_list":["post-7666","post","type-post","status-publish","format-standard","has-post-thumbnail","hentry","category-quoi-de-neuf"],"_links":{"self":[{"href":"https:\/\/alpradio.com\/fr\/wp-json\/wp\/v2\/posts\/7666","targetHints":{"allow":["GET"]}}],"collection":[{"href":"https:\/\/alpradio.com\/fr\/wp-json\/wp\/v2\/posts"}],"about":[{"href":"https:\/\/alpradio.com\/fr\/wp-json\/wp\/v2\/types\/post"}],"author":[{"embeddable":true,"href":"https:\/\/alpradio.com\/fr\/wp-json\/wp\/v2\/users\/2"}],"replies":[{"embeddable":true,"href":"https:\/\/alpradio.com\/fr\/wp-json\/wp\/v2\/comments?post=7666"}],"version-history":[{"count":2,"href":"https:\/\/alpradio.com\/fr\/wp-json\/wp\/v2\/posts\/7666\/revisions"}],"predecessor-version":[{"id":7670,"href":"https:\/\/alpradio.com\/fr\/wp-json\/wp\/v2\/posts\/7666\/revisions\/7670"}],"wp:featuredmedia":[{"embeddable":true,"href":"https:\/\/alpradio.com\/fr\/wp-json\/wp\/v2\/media\/7669"}],"wp:attachment":[{"href":"https:\/\/alpradio.com\/fr\/wp-json\/wp\/v2\/media?parent=7666"}],"wp:term":[{"taxonomy":"category","embeddable":true,"href":"https:\/\/alpradio.com\/fr\/wp-json\/wp\/v2\/categories?post=7666"},{"taxonomy":"post_tag","embeddable":true,"href":"https:\/\/alpradio.com\/fr\/wp-json\/wp\/v2\/tags?post=7666"}],"curies":[{"name":"wp","href":"https:\/\/api.w.org\/{rel}","templated":true}]}}