{"id":7703,"date":"2018-01-18T22:47:59","date_gmt":"2018-01-18T21:47:59","guid":{"rendered":"http:\/\/alpradio.com\/fr\/?p=7703"},"modified":"2018-02-04T22:26:57","modified_gmt":"2018-02-04T21:26:57","slug":"co2-le-10-fevrier-2018","status":"publish","type":"post","link":"https:\/\/alpradio.com\/fr\/co2-le-10-fevrier-2018\/","title":{"rendered":"Co2 le 10 f\u00e9vrier 2018"},"content":{"rendered":"<p>Pour cette premi\u00e8re \u00e9mission en public de l&rsquo;ann\u00e9e nous recevons le groupe <span class=\"st\">Payernois<\/span> <strong>Okinawa<\/strong> et le groupe Genevois <strong>Black Widow&rsquo;s Project<\/strong> !<\/p>\n<p>Au programme: des interviews et showcases d\u00e8s 15h00 \ud83d\ude42<\/p>\n<p>Viens assister \u00e0 l\u2019enregistrement le 10 f\u00e9vrier au <strong>Bar La Machine<\/strong> \u00e0 la route des lacs 32 \u00e0 Sierre \ud83d\ude42 l\u2019entr\u00e9e est libre, c&rsquo;est ouvert \u00e0 tous et les d\u00e9couvertes musicales sont belles !<\/p>\n<p>www.blackwidowsproject.ch<br \/>\nwww.okinawa-music.ch<br \/>\nwww.barlamachine.ch !<\/p>\n<p>Merci \u00e0 notre photographe Yann pour le design !<\/p>\n","protected":false},"excerpt":{"rendered":"<p>Pour cette premi\u00e8re \u00e9mission en public de l&rsquo;ann\u00e9e nous recevons le groupe Payernois Okinawa et le groupe Genevois Black Widow&rsquo;s Project ! Au programme: des interviews et showcases d\u00e8s 15h00 \ud83d\ude42 Viens assister \u00e0 l\u2019enregistrement le 10 f\u00e9vrier au Bar La Machine \u00e0 la route des lacs 32 \u00e0 Sierre \ud83d\ude42 l\u2019entr\u00e9e est libre, c&rsquo;est ouvert \u00e0 tous et les d\u00e9couvertes musicales sont belles ! [&hellip;]<\/p>\n","protected":false},"author":2,"featured_media":7704,"comment_status":"open","ping_status":"closed","sticky":false,"template":"","format":"standard","meta":{"footnotes":""},"categories":[3],"tags":[],"class_list":["post-7703","post","type-post","status-publish","format-standard","has-post-thumbnail","hentry","category-quoi-de-neuf"],"_links":{"self":[{"href":"https:\/\/alpradio.com\/fr\/wp-json\/wp\/v2\/posts\/7703","targetHints":{"allow":["GET"]}}],"collection":[{"href":"https:\/\/alpradio.com\/fr\/wp-json\/wp\/v2\/posts"}],"about":[{"href":"https:\/\/alpradio.com\/fr\/wp-json\/wp\/v2\/types\/post"}],"author":[{"embeddable":true,"href":"https:\/\/alpradio.com\/fr\/wp-json\/wp\/v2\/users\/2"}],"replies":[{"embeddable":true,"href":"https:\/\/alpradio.com\/fr\/wp-json\/wp\/v2\/comments?post=7703"}],"version-history":[{"count":3,"href":"https:\/\/alpradio.com\/fr\/wp-json\/wp\/v2\/posts\/7703\/revisions"}],"predecessor-version":[{"id":7734,"href":"https:\/\/alpradio.com\/fr\/wp-json\/wp\/v2\/posts\/7703\/revisions\/7734"}],"wp:featuredmedia":[{"embeddable":true,"href":"https:\/\/alpradio.com\/fr\/wp-json\/wp\/v2\/media\/7704"}],"wp:attachment":[{"href":"https:\/\/alpradio.com\/fr\/wp-json\/wp\/v2\/media?parent=7703"}],"wp:term":[{"taxonomy":"category","embeddable":true,"href":"https:\/\/alpradio.com\/fr\/wp-json\/wp\/v2\/categories?post=7703"},{"taxonomy":"post_tag","embeddable":true,"href":"https:\/\/alpradio.com\/fr\/wp-json\/wp\/v2\/tags?post=7703"}],"curies":[{"name":"wp","href":"https:\/\/api.w.org\/{rel}","templated":true}]}}