{"id":7735,"date":"2018-02-07T11:08:41","date_gmt":"2018-02-07T10:08:41","guid":{"rendered":"http:\/\/alpradio.com\/fr\/?p=7735"},"modified":"2018-02-07T11:08:41","modified_gmt":"2018-02-07T10:08:41","slug":"non-a-no-billag","status":"publish","type":"post","link":"https:\/\/alpradio.com\/fr\/non-a-no-billag\/","title":{"rendered":"NON \u00e0 No Billag !"},"content":{"rendered":"<p>Le 4 mars prochain, le peuple suisse sera appel\u00e9 \u00e0 se prononcer sur l\u2019initiative \u00ab No Billag \u00bb. S\u2019il est encore impossible de dire exactement \u00e0 quoi ressemblera<span class=\"text_exposed_show\"> le paysage audiovisuel en cas de oui, de nombreux m\u00e9dias, dont Alpradio, seront impact\u00e9s. <\/span><\/p>\n<div class=\"text_exposed_show\">\n<p>M\u00eame si la radio ne b\u00e9n\u00e9ficie pas de la redevance, un oui \u00e0 \u00ab No Billag \u00bb le 4 mars aura des effets sur les programmes que nous proposons. En effet, l\u2019\u00e9mission Co2, qui ne suit pas une logique commerciale, est en partie soutenue par la Fondation Suisse pour la radio et la culture dont les fonds d\u00e9pendent de l\u2019existence des soci\u00e9t\u00e9s de radiodiffusion suisse.<\/p>\n<p><a class=\"_58cn\" href=\"https:\/\/www.facebook.com\/hashtag\/nonanobillag?source=feed_text&amp;story_id=1847090905363565\" data-ft=\"{&quot;tn&quot;:&quot;*N&quot;,&quot;type&quot;:104}\"><span class=\"_5afx\"><span class=\"_58cl _5afz\" aria-label=\"hashtag\">#<\/span><span class=\"_58cm\">nonanobillag<\/span><\/span><\/a> le 4 mars !<\/p>\n<\/div>\n","protected":false},"excerpt":{"rendered":"<p>Le 4 mars prochain, le peuple suisse sera appel\u00e9 \u00e0 se prononcer sur l\u2019initiative \u00ab No Billag \u00bb. S\u2019il est encore impossible de dire exactement \u00e0 quoi ressemblera le paysage audiovisuel en cas de oui, de nombreux m\u00e9dias, dont Alpradio, seront impact\u00e9s. M\u00eame si la radio ne b\u00e9n\u00e9ficie pas de la redevance, un oui \u00e0 \u00ab No Billag \u00bb le 4 mars aura des effets [&hellip;]<\/p>\n","protected":false},"author":2,"featured_media":7736,"comment_status":"open","ping_status":"closed","sticky":false,"template":"","format":"standard","meta":{"footnotes":""},"categories":[3],"tags":[],"class_list":["post-7735","post","type-post","status-publish","format-standard","has-post-thumbnail","hentry","category-quoi-de-neuf"],"_links":{"self":[{"href":"https:\/\/alpradio.com\/fr\/wp-json\/wp\/v2\/posts\/7735","targetHints":{"allow":["GET"]}}],"collection":[{"href":"https:\/\/alpradio.com\/fr\/wp-json\/wp\/v2\/posts"}],"about":[{"href":"https:\/\/alpradio.com\/fr\/wp-json\/wp\/v2\/types\/post"}],"author":[{"embeddable":true,"href":"https:\/\/alpradio.com\/fr\/wp-json\/wp\/v2\/users\/2"}],"replies":[{"embeddable":true,"href":"https:\/\/alpradio.com\/fr\/wp-json\/wp\/v2\/comments?post=7735"}],"version-history":[{"count":1,"href":"https:\/\/alpradio.com\/fr\/wp-json\/wp\/v2\/posts\/7735\/revisions"}],"predecessor-version":[{"id":7737,"href":"https:\/\/alpradio.com\/fr\/wp-json\/wp\/v2\/posts\/7735\/revisions\/7737"}],"wp:featuredmedia":[{"embeddable":true,"href":"https:\/\/alpradio.com\/fr\/wp-json\/wp\/v2\/media\/7736"}],"wp:attachment":[{"href":"https:\/\/alpradio.com\/fr\/wp-json\/wp\/v2\/media?parent=7735"}],"wp:term":[{"taxonomy":"category","embeddable":true,"href":"https:\/\/alpradio.com\/fr\/wp-json\/wp\/v2\/categories?post=7735"},{"taxonomy":"post_tag","embeddable":true,"href":"https:\/\/alpradio.com\/fr\/wp-json\/wp\/v2\/tags?post=7735"}],"curies":[{"name":"wp","href":"https:\/\/api.w.org\/{rel}","templated":true}]}}