{"id":7783,"date":"2018-02-12T00:42:10","date_gmt":"2018-02-11T23:42:10","guid":{"rendered":"http:\/\/alpradio.com\/fr\/?p=7783"},"modified":"2018-02-12T00:42:10","modified_gmt":"2018-02-11T23:42:10","slug":"co2-avec-okinawa-et-black-widows-project","status":"publish","type":"post","link":"https:\/\/alpradio.com\/fr\/co2-avec-okinawa-et-black-widows-project\/","title":{"rendered":"Co2 avec OKINAWA et BLACK WIDOW&rsquo;S PROJECT"},"content":{"rendered":"<p><strong>Okinawa<\/strong> et <strong>Black Widow&rsquo;s Project <\/strong>sont nos invit\u00e9s pour la troisi\u00e8me de Co2 en public \ud83d\ude42<\/p>\n<p>Interviews et showcases des groupes mais aussi une r\u00e9trospective de l&rsquo;ann\u00e9e 2017 sur AlpRadio avec Lionel, Sam et Laura et enfin une interview avec Laurent du Bar La Machine \u00e0 Sierre qui nous a chaleureusement ouvert les portes de ce bel endroit !<\/p>\n<p>On vous donne rendez-vous <strong>jeudi 15 f\u00e9vrier \u00e0 19h00 sur www.alpradio.ch ou sur l\u2019application avec vos t\u00e9l\u00e9phones.<\/strong><\/p>\n<p><strong>Rediffusion : Samedi 17 f\u00e9vrier \u00e0 12h00.<\/strong><\/p>\n<p>Un grand merci \u00e0 toute l\u2019\u00e9quipe pour la r\u00e9alisation de notre 3e \u00e9mission Co2 en public ! Merci aux groupes Okinawa et Black Widow&rsquo;s Project qui se sont d\u00e9plac\u00e9s de Payerne et de Gen\u00e8ve.<\/p>\n<p>Merci \u00e9galement au Bar La Machine !<\/p>\n","protected":false},"excerpt":{"rendered":"<p>Okinawa et Black Widow&rsquo;s Project sont nos invit\u00e9s pour la troisi\u00e8me de Co2 en public \ud83d\ude42 Interviews et showcases des groupes mais aussi une r\u00e9trospective de l&rsquo;ann\u00e9e 2017 sur AlpRadio avec Lionel, Sam et Laura et enfin une interview avec Laurent du Bar La Machine \u00e0 Sierre qui nous a chaleureusement ouvert les portes de ce bel endroit ! On vous donne rendez-vous jeudi 15 [&hellip;]<\/p>\n","protected":false},"author":2,"featured_media":7784,"comment_status":"open","ping_status":"closed","sticky":false,"template":"","format":"standard","meta":{"footnotes":""},"categories":[3],"tags":[],"class_list":["post-7783","post","type-post","status-publish","format-standard","has-post-thumbnail","hentry","category-quoi-de-neuf"],"_links":{"self":[{"href":"https:\/\/alpradio.com\/fr\/wp-json\/wp\/v2\/posts\/7783","targetHints":{"allow":["GET"]}}],"collection":[{"href":"https:\/\/alpradio.com\/fr\/wp-json\/wp\/v2\/posts"}],"about":[{"href":"https:\/\/alpradio.com\/fr\/wp-json\/wp\/v2\/types\/post"}],"author":[{"embeddable":true,"href":"https:\/\/alpradio.com\/fr\/wp-json\/wp\/v2\/users\/2"}],"replies":[{"embeddable":true,"href":"https:\/\/alpradio.com\/fr\/wp-json\/wp\/v2\/comments?post=7783"}],"version-history":[{"count":4,"href":"https:\/\/alpradio.com\/fr\/wp-json\/wp\/v2\/posts\/7783\/revisions"}],"predecessor-version":[{"id":7788,"href":"https:\/\/alpradio.com\/fr\/wp-json\/wp\/v2\/posts\/7783\/revisions\/7788"}],"wp:featuredmedia":[{"embeddable":true,"href":"https:\/\/alpradio.com\/fr\/wp-json\/wp\/v2\/media\/7784"}],"wp:attachment":[{"href":"https:\/\/alpradio.com\/fr\/wp-json\/wp\/v2\/media?parent=7783"}],"wp:term":[{"taxonomy":"category","embeddable":true,"href":"https:\/\/alpradio.com\/fr\/wp-json\/wp\/v2\/categories?post=7783"},{"taxonomy":"post_tag","embeddable":true,"href":"https:\/\/alpradio.com\/fr\/wp-json\/wp\/v2\/tags?post=7783"}],"curies":[{"name":"wp","href":"https:\/\/api.w.org\/{rel}","templated":true}]}}