{"id":7872,"date":"2018-02-25T14:39:00","date_gmt":"2018-02-25T13:39:00","guid":{"rendered":"http:\/\/alpradio.com\/fr\/?p=7872"},"modified":"2018-02-25T14:50:31","modified_gmt":"2018-02-25T13:50:31","slug":"interview-de-black-lemons","status":"publish","type":"post","link":"https:\/\/alpradio.com\/fr\/interview-de-black-lemons\/","title":{"rendered":"Interview de Black Lemons"},"content":{"rendered":"<p>Il y a quelques temps, nous avions re\u00e7u pour la 2e fois le groupe <strong>Black Lemons<\/strong> \ud83d\ude42 ils sont venus nous raconter le v\u00e9cu de leur tourn\u00e9e en Russie, quelques anecdotes, la story du nouveau clip qui accompagne le titre \u00ab\u00a0Move On\u00a0\u00bb, et un nouveau disque en pr\u00e9paration. Pers\u00e9v\u00e9rance et avancement pour Dom, Lino et Andy !<\/p>\n<p>En attendant, d\u00e9couvrez leurs 3 derniers morceaux.<\/p>\n<p><a href=\"http:\/\/www.black-lemons.com\">www.black-lemons.com<\/a><\/p>\n<p><strong>Diffusion : Lundi 26 f\u00e9vrier \u00e0 11h00\u2028<\/strong><br \/>\n<strong>Rediffusion : Jeudi 1er f\u00e9vrier \u00e0 19h00<\/strong><\/p>\n<p>Merci \u00e0 tous les trois pour le partage !<\/p>\n","protected":false},"excerpt":{"rendered":"<p>Il y a quelques temps, nous avions re\u00e7u pour la 2e fois le groupe Black Lemons \ud83d\ude42 ils sont venus nous raconter le v\u00e9cu de leur tourn\u00e9e en Russie, quelques anecdotes, la story du nouveau clip qui accompagne le titre \u00ab\u00a0Move On\u00a0\u00bb, et un nouveau disque en pr\u00e9paration. Pers\u00e9v\u00e9rance et avancement pour Dom, Lino et Andy ! En attendant, d\u00e9couvrez leurs 3 derniers morceaux. www.black-lemons.com [&hellip;]<\/p>\n","protected":false},"author":2,"featured_media":7875,"comment_status":"open","ping_status":"closed","sticky":false,"template":"","format":"standard","meta":{"footnotes":""},"categories":[3],"tags":[],"class_list":["post-7872","post","type-post","status-publish","format-standard","has-post-thumbnail","hentry","category-quoi-de-neuf"],"_links":{"self":[{"href":"https:\/\/alpradio.com\/fr\/wp-json\/wp\/v2\/posts\/7872","targetHints":{"allow":["GET"]}}],"collection":[{"href":"https:\/\/alpradio.com\/fr\/wp-json\/wp\/v2\/posts"}],"about":[{"href":"https:\/\/alpradio.com\/fr\/wp-json\/wp\/v2\/types\/post"}],"author":[{"embeddable":true,"href":"https:\/\/alpradio.com\/fr\/wp-json\/wp\/v2\/users\/2"}],"replies":[{"embeddable":true,"href":"https:\/\/alpradio.com\/fr\/wp-json\/wp\/v2\/comments?post=7872"}],"version-history":[{"count":4,"href":"https:\/\/alpradio.com\/fr\/wp-json\/wp\/v2\/posts\/7872\/revisions"}],"predecessor-version":[{"id":7878,"href":"https:\/\/alpradio.com\/fr\/wp-json\/wp\/v2\/posts\/7872\/revisions\/7878"}],"wp:featuredmedia":[{"embeddable":true,"href":"https:\/\/alpradio.com\/fr\/wp-json\/wp\/v2\/media\/7875"}],"wp:attachment":[{"href":"https:\/\/alpradio.com\/fr\/wp-json\/wp\/v2\/media?parent=7872"}],"wp:term":[{"taxonomy":"category","embeddable":true,"href":"https:\/\/alpradio.com\/fr\/wp-json\/wp\/v2\/categories?post=7872"},{"taxonomy":"post_tag","embeddable":true,"href":"https:\/\/alpradio.com\/fr\/wp-json\/wp\/v2\/tags?post=7872"}],"curies":[{"name":"wp","href":"https:\/\/api.w.org\/{rel}","templated":true}]}}