{"id":8050,"date":"2018-04-24T23:18:14","date_gmt":"2018-04-24T22:18:14","guid":{"rendered":"http:\/\/alpradio.com\/fr\/?p=8050"},"modified":"2018-04-24T23:18:14","modified_gmt":"2018-04-24T22:18:14","slug":"interview-de-meandre","status":"publish","type":"post","link":"https:\/\/alpradio.com\/fr\/interview-de-meandre\/","title":{"rendered":"Interview de M\u00e9andre"},"content":{"rendered":"<p><strong>M\u00e9andre<\/strong> c\u2019est le projet personnel de Ludovic Volper.<\/p>\n<p>A l\u2019approche du vernissage de son premier disque \u00ab\u00a0Le temps passe\u2026\u00a0\u00bb le 5 mai prochain au Point 11 \u00e0 Sion, nous l\u2019accueillons pour parler de celui-ci et de tout ce qui entoure sa cr\u00e9ation, aussi, ce qui lui a donn\u00e9 envie de r\u00e9aliser ce projet.<\/p>\n<p>D\u00e9couvrez 3 morceaux de ce beau disque \ud83d\ude42<\/p>\n<p><a href=\"http:\/\/www.facebook.com\/meandreofficiel\">www.facebook.com\/meandreofficiel<\/a><\/p>\n<p><strong>Diffusion: Jeudi 26 avril \u00e0 19h00<\/strong><br \/>\n<strong>Rediffusion: Dimanche 29 avril \u00e0 11h00<\/strong><\/p>\n<p>Merci \u00e0 M\u00e9andre pour ce beau moment de partage, nous avons \u00e9t\u00e9 tr\u00e8s touch\u00e9 par son projet et sa sinc\u00e9rit\u00e9 !<\/p>\n","protected":false},"excerpt":{"rendered":"<p>M\u00e9andre c\u2019est le projet personnel de Ludovic Volper. A l\u2019approche du vernissage de son premier disque \u00ab\u00a0Le temps passe\u2026\u00a0\u00bb le 5 mai prochain au Point 11 \u00e0 Sion, nous l\u2019accueillons pour parler de celui-ci et de tout ce qui entoure sa cr\u00e9ation, aussi, ce qui lui a donn\u00e9 envie de r\u00e9aliser ce projet. D\u00e9couvrez 3 morceaux de ce beau disque \ud83d\ude42 www.facebook.com\/meandreofficiel Diffusion: Jeudi 26 [&hellip;]<\/p>\n","protected":false},"author":2,"featured_media":8057,"comment_status":"open","ping_status":"closed","sticky":false,"template":"","format":"standard","meta":{"footnotes":""},"categories":[3],"tags":[],"class_list":["post-8050","post","type-post","status-publish","format-standard","has-post-thumbnail","hentry","category-quoi-de-neuf"],"_links":{"self":[{"href":"https:\/\/alpradio.com\/fr\/wp-json\/wp\/v2\/posts\/8050","targetHints":{"allow":["GET"]}}],"collection":[{"href":"https:\/\/alpradio.com\/fr\/wp-json\/wp\/v2\/posts"}],"about":[{"href":"https:\/\/alpradio.com\/fr\/wp-json\/wp\/v2\/types\/post"}],"author":[{"embeddable":true,"href":"https:\/\/alpradio.com\/fr\/wp-json\/wp\/v2\/users\/2"}],"replies":[{"embeddable":true,"href":"https:\/\/alpradio.com\/fr\/wp-json\/wp\/v2\/comments?post=8050"}],"version-history":[{"count":4,"href":"https:\/\/alpradio.com\/fr\/wp-json\/wp\/v2\/posts\/8050\/revisions"}],"predecessor-version":[{"id":8060,"href":"https:\/\/alpradio.com\/fr\/wp-json\/wp\/v2\/posts\/8050\/revisions\/8060"}],"wp:featuredmedia":[{"embeddable":true,"href":"https:\/\/alpradio.com\/fr\/wp-json\/wp\/v2\/media\/8057"}],"wp:attachment":[{"href":"https:\/\/alpradio.com\/fr\/wp-json\/wp\/v2\/media?parent=8050"}],"wp:term":[{"taxonomy":"category","embeddable":true,"href":"https:\/\/alpradio.com\/fr\/wp-json\/wp\/v2\/categories?post=8050"},{"taxonomy":"post_tag","embeddable":true,"href":"https:\/\/alpradio.com\/fr\/wp-json\/wp\/v2\/tags?post=8050"}],"curies":[{"name":"wp","href":"https:\/\/api.w.org\/{rel}","templated":true}]}}