{"id":8078,"date":"2018-04-30T21:27:03","date_gmt":"2018-04-30T20:27:03","guid":{"rendered":"http:\/\/alpradio.com\/fr\/?p=8078"},"modified":"2018-04-30T21:27:03","modified_gmt":"2018-04-30T20:27:03","slug":"co2-avec-fabian-tharin","status":"publish","type":"post","link":"https:\/\/alpradio.com\/fr\/co2-avec-fabian-tharin\/","title":{"rendered":"Co2 avec Fabian Tharin"},"content":{"rendered":"<p>On a bien rit, quel chouette moment v\u00e9cu avec Fabian Tharin et Patrick Dufresne !<\/p>\n<p><strong>Au programme, interview de Fabian Tharin, Hippolyte le petit reporter de l\u2019espace qui nous fait un coup de th\u00e9\u00e2tre, Le reportage de Laura qui est all\u00e9e \u00e0 la rencontre de l\u2019association AASF qui recueille et soigne les animaux sans famille, la chronique Musique de Monde par Pierric et enfin de showcase de Fabian Tharin qui nous pr\u00e9sente les 4 morceaux de son nouvel EP !<\/strong><\/p>\n<p><strong>Rendez-vous le jeudi 3 mai \u00e0 19h00 sur www.alprdio.ch ou sur l\u2019application Vibration Radios avec vos t\u00e9l\u00e9phones.<\/p>\n<p><\/strong><strong>Rediffusion: Samedi 5 mai \u00e0 12h00<\/strong>.<\/p>\n<p>C\u2019\u00e9tait un vrai plaisir d\u2019accueillir nos 2 invit\u00e9s pour ces deux heures dans nos studios. Merci Fabian et Patrick ! Merci \u00e0 Jonathan de s\u2019\u00eatre occup\u00e9 des vid\u00e9os \u00e0 retrouver tr\u00e8s bient\u00f4t sur notre site mais aussi sur notre page FB et Merci \u00e0 Yann pour les photos \u00e0 retrouver tout bient\u00f4t !<\/p>\n<p>On se retrouve au mois de juin pour f\u00eater les 10 ans d\u2019AlpRadio, nous vous pr\u00e9parons un bel \u00e9v\u00e9nement \ud83d\ude42 Restez branch\u00e9s, on vous en dis plus bient\u00f4t !<\/p>\n","protected":false},"excerpt":{"rendered":"<p>On a bien rit, quel chouette moment v\u00e9cu avec Fabian Tharin et Patrick Dufresne ! Au programme, interview de Fabian Tharin, Hippolyte le petit reporter de l\u2019espace qui nous fait un coup de th\u00e9\u00e2tre, Le reportage de Laura qui est all\u00e9e \u00e0 la rencontre de l\u2019association AASF qui recueille et soigne les animaux sans famille, la chronique Musique de Monde par Pierric et enfin de [&hellip;]<\/p>\n","protected":false},"author":2,"featured_media":8081,"comment_status":"open","ping_status":"closed","sticky":false,"template":"","format":"standard","meta":{"footnotes":""},"categories":[3],"tags":[],"class_list":["post-8078","post","type-post","status-publish","format-standard","has-post-thumbnail","hentry","category-quoi-de-neuf"],"_links":{"self":[{"href":"https:\/\/alpradio.com\/fr\/wp-json\/wp\/v2\/posts\/8078","targetHints":{"allow":["GET"]}}],"collection":[{"href":"https:\/\/alpradio.com\/fr\/wp-json\/wp\/v2\/posts"}],"about":[{"href":"https:\/\/alpradio.com\/fr\/wp-json\/wp\/v2\/types\/post"}],"author":[{"embeddable":true,"href":"https:\/\/alpradio.com\/fr\/wp-json\/wp\/v2\/users\/2"}],"replies":[{"embeddable":true,"href":"https:\/\/alpradio.com\/fr\/wp-json\/wp\/v2\/comments?post=8078"}],"version-history":[{"count":3,"href":"https:\/\/alpradio.com\/fr\/wp-json\/wp\/v2\/posts\/8078\/revisions"}],"predecessor-version":[{"id":8084,"href":"https:\/\/alpradio.com\/fr\/wp-json\/wp\/v2\/posts\/8078\/revisions\/8084"}],"wp:featuredmedia":[{"embeddable":true,"href":"https:\/\/alpradio.com\/fr\/wp-json\/wp\/v2\/media\/8081"}],"wp:attachment":[{"href":"https:\/\/alpradio.com\/fr\/wp-json\/wp\/v2\/media?parent=8078"}],"wp:term":[{"taxonomy":"category","embeddable":true,"href":"https:\/\/alpradio.com\/fr\/wp-json\/wp\/v2\/categories?post=8078"},{"taxonomy":"post_tag","embeddable":true,"href":"https:\/\/alpradio.com\/fr\/wp-json\/wp\/v2\/tags?post=8078"}],"curies":[{"name":"wp","href":"https:\/\/api.w.org\/{rel}","templated":true}]}}