{"id":8160,"date":"2018-05-06T20:55:42","date_gmt":"2018-05-06T19:55:42","guid":{"rendered":"http:\/\/alpradio.com\/fr\/?p=8160"},"modified":"2018-05-06T20:59:01","modified_gmt":"2018-05-06T19:59:01","slug":"interview-de-lassociation-des-animaux-sans-famille-aasf","status":"publish","type":"post","link":"https:\/\/alpradio.com\/fr\/interview-de-lassociation-des-animaux-sans-famille-aasf\/","title":{"rendered":"Interview de l&rsquo;Association des Animaux sans Famille \/ AASF"},"content":{"rendered":"<p>Le cabinet v\u00e9t\u00e9rinaire Aiuto \u00e0 Saxon nous ouvre les portes de l&rsquo;association <strong>AASF<\/strong> qui recueille et soigne les animaux sans famille. C\u2019est Cl\u00e9mence, assistante v\u00e9t\u00e9rinaire qui nous en parle et qui nous pr\u00e9sente les animaux de l\u2019association au travers d\u2019une jolie visite des lieux \ud83d\ude42<\/p>\n<p><strong>Diffusion ce Mardi 8 mai \u00e0 11h00<\/strong><br \/>\n<strong>Rediffusion: Jeudi 10 mai \u00e0 19h00<\/strong><\/p>\n<p>Merci \u00e0 Cl\u00e9mence, c\u2019\u00e9tait une tr\u00e8s belle rencontre dans un magnifique cadre pour une cause tr\u00e8s touchante !<\/p>\n<p><a href=\"http:\/\/www.facebook.com\/associationpourlesanimauxsansfamille\">www.facebook.com\/associationpourlesanimauxsansfamille<\/a><\/p>\n","protected":false},"excerpt":{"rendered":"<p>Le cabinet v\u00e9t\u00e9rinaire Aiuto \u00e0 Saxon nous ouvre les portes de l&rsquo;association AASF qui recueille et soigne les animaux sans famille. C\u2019est Cl\u00e9mence, assistante v\u00e9t\u00e9rinaire qui nous en parle et qui nous pr\u00e9sente les animaux de l\u2019association au travers d\u2019une jolie visite des lieux \ud83d\ude42 Diffusion ce Mardi 8 mai \u00e0 11h00 Rediffusion: Jeudi 10 mai \u00e0 19h00 Merci \u00e0 Cl\u00e9mence, c\u2019\u00e9tait une tr\u00e8s belle [&hellip;]<\/p>\n","protected":false},"author":2,"featured_media":8161,"comment_status":"open","ping_status":"closed","sticky":false,"template":"","format":"standard","meta":{"footnotes":""},"categories":[3],"tags":[],"class_list":["post-8160","post","type-post","status-publish","format-standard","has-post-thumbnail","hentry","category-quoi-de-neuf"],"_links":{"self":[{"href":"https:\/\/alpradio.com\/fr\/wp-json\/wp\/v2\/posts\/8160","targetHints":{"allow":["GET"]}}],"collection":[{"href":"https:\/\/alpradio.com\/fr\/wp-json\/wp\/v2\/posts"}],"about":[{"href":"https:\/\/alpradio.com\/fr\/wp-json\/wp\/v2\/types\/post"}],"author":[{"embeddable":true,"href":"https:\/\/alpradio.com\/fr\/wp-json\/wp\/v2\/users\/2"}],"replies":[{"embeddable":true,"href":"https:\/\/alpradio.com\/fr\/wp-json\/wp\/v2\/comments?post=8160"}],"version-history":[{"count":3,"href":"https:\/\/alpradio.com\/fr\/wp-json\/wp\/v2\/posts\/8160\/revisions"}],"predecessor-version":[{"id":8165,"href":"https:\/\/alpradio.com\/fr\/wp-json\/wp\/v2\/posts\/8160\/revisions\/8165"}],"wp:featuredmedia":[{"embeddable":true,"href":"https:\/\/alpradio.com\/fr\/wp-json\/wp\/v2\/media\/8161"}],"wp:attachment":[{"href":"https:\/\/alpradio.com\/fr\/wp-json\/wp\/v2\/media?parent=8160"}],"wp:term":[{"taxonomy":"category","embeddable":true,"href":"https:\/\/alpradio.com\/fr\/wp-json\/wp\/v2\/categories?post=8160"},{"taxonomy":"post_tag","embeddable":true,"href":"https:\/\/alpradio.com\/fr\/wp-json\/wp\/v2\/tags?post=8160"}],"curies":[{"name":"wp","href":"https:\/\/api.w.org\/{rel}","templated":true}]}}