{"id":8304,"date":"2018-05-13T17:44:03","date_gmt":"2018-05-13T16:44:03","guid":{"rendered":"http:\/\/alpradio.com\/fr\/?p=8304"},"modified":"2018-05-13T17:44:03","modified_gmt":"2018-05-13T16:44:03","slug":"interview-de-lirreversible-festival","status":"publish","type":"post","link":"https:\/\/alpradio.com\/fr\/interview-de-lirreversible-festival\/","title":{"rendered":"Interview de l&rsquo;Irreversible Festival"},"content":{"rendered":"<p>Nous accueillons l\u2019<strong>Irreversible Festival<\/strong> avec <strong>Ludovic Biselx<\/strong> qui vient nous pr\u00e9senter l&rsquo;\u00e9v\u00e9nement et nous parler de sa 2e \u00e9dition qui se vivra les 25 et 26 mai \u00e0 Monthey.<\/p>\n<p>Il nous d\u00e9voile la belle programmation qui vous attend et autant vous dire que \u00e7a va \u00eatre un magnifique week-end pleine de musique de qualit\u00e9 ! Aussi, un petit retour sur la 1\u00e8re \u00e9dition qui a \u00e9t\u00e9 un succ\u00e8s \ud83d\ude42<\/p>\n<p><a href=\"http:\/\/www.irreversiblefestival.ch\">www.irreversiblefestival.ch<\/a><\/p>\n<p><strong>Diffusion: Mardi 15 mai \u00e0 11h00<\/strong><br \/>\n<strong>Rediffusion: Jeudi 17 mai \u00e0 19h00<\/strong><\/p>\n<p>Merci \u00e0 Ludo et tr\u00e8s bonne nouvelle \u00e9dition, on se r\u00e9jouit !<\/p>\n","protected":false},"excerpt":{"rendered":"<p>Nous accueillons l\u2019Irreversible Festival avec Ludovic Biselx qui vient nous pr\u00e9senter l&rsquo;\u00e9v\u00e9nement et nous parler de sa 2e \u00e9dition qui se vivra les 25 et 26 mai \u00e0 Monthey. Il nous d\u00e9voile la belle programmation qui vous attend et autant vous dire que \u00e7a va \u00eatre un magnifique week-end pleine de musique de qualit\u00e9 ! Aussi, un petit retour sur la 1\u00e8re \u00e9dition qui a [&hellip;]<\/p>\n","protected":false},"author":2,"featured_media":8307,"comment_status":"open","ping_status":"closed","sticky":false,"template":"","format":"standard","meta":{"footnotes":""},"categories":[3],"tags":[],"class_list":["post-8304","post","type-post","status-publish","format-standard","has-post-thumbnail","hentry","category-quoi-de-neuf"],"_links":{"self":[{"href":"https:\/\/alpradio.com\/fr\/wp-json\/wp\/v2\/posts\/8304","targetHints":{"allow":["GET"]}}],"collection":[{"href":"https:\/\/alpradio.com\/fr\/wp-json\/wp\/v2\/posts"}],"about":[{"href":"https:\/\/alpradio.com\/fr\/wp-json\/wp\/v2\/types\/post"}],"author":[{"embeddable":true,"href":"https:\/\/alpradio.com\/fr\/wp-json\/wp\/v2\/users\/2"}],"replies":[{"embeddable":true,"href":"https:\/\/alpradio.com\/fr\/wp-json\/wp\/v2\/comments?post=8304"}],"version-history":[{"count":3,"href":"https:\/\/alpradio.com\/fr\/wp-json\/wp\/v2\/posts\/8304\/revisions"}],"predecessor-version":[{"id":8309,"href":"https:\/\/alpradio.com\/fr\/wp-json\/wp\/v2\/posts\/8304\/revisions\/8309"}],"wp:featuredmedia":[{"embeddable":true,"href":"https:\/\/alpradio.com\/fr\/wp-json\/wp\/v2\/media\/8307"}],"wp:attachment":[{"href":"https:\/\/alpradio.com\/fr\/wp-json\/wp\/v2\/media?parent=8304"}],"wp:term":[{"taxonomy":"category","embeddable":true,"href":"https:\/\/alpradio.com\/fr\/wp-json\/wp\/v2\/categories?post=8304"},{"taxonomy":"post_tag","embeddable":true,"href":"https:\/\/alpradio.com\/fr\/wp-json\/wp\/v2\/tags?post=8304"}],"curies":[{"name":"wp","href":"https:\/\/api.w.org\/{rel}","templated":true}]}}