{"id":8344,"date":"2018-05-28T22:36:01","date_gmt":"2018-05-28T21:36:01","guid":{"rendered":"http:\/\/alpradio.com\/fr\/?p=8344"},"modified":"2018-05-28T22:36:28","modified_gmt":"2018-05-28T21:36:28","slug":"merci-irreversible-festival","status":"publish","type":"post","link":"https:\/\/alpradio.com\/fr\/merci-irreversible-festival\/","title":{"rendered":"Merci Irreversible Festival !"},"content":{"rendered":"<p>Les 25 et 26 mai, nous \u00e9tions pr\u00e9sents \u00e0 la 2e \u00e9dition de l\u2019<a id=\"js_b4\" class=\"profileLink\" href=\"https:\/\/www.facebook.com\/irreversiblefestival\/?fref=mentions\" data-hovercard=\"\/ajax\/hovercard\/page.php?id=1787877898165525&amp;extragetparams=%7B%22fref%22%3A%22mentions%22%7D\" data-hovercard-prefer-more-content-show=\"1\" aria-describedby=\"js_b3\" aria-owns=\"js_b0\">Irreversible Festival<\/a> pour enregistrer quelques interviews \ud83d\ude42 Un week-end riche en nouvelles rencontres, d\u00e9couvertes musicales et en rock et metal !<\/p>\n<p>Retrouvez prochainement les interviews exclusives de Jessanna, Fensta, Flayst et Promethee, ainsi que les photos des nombreux talents locaux et internationaux qui se sont succ\u00e9d\u00e9s sur les deux sc\u00e8nes de l&rsquo;\u00e9v\u00e9nement montheysan.<\/p>\n<p>En tout cas, on se r\u00e9jouit de la troisi\u00e8me \u00e9dition ! <a href=\"http:\/\/irreversiblefestival.ch\" target=\"_blank\" rel=\"noopener\">Restez attentifs<\/a> pour ne rien manquer de leur actu !<\/p>\n","protected":false},"excerpt":{"rendered":"<p>Les 25 et 26 mai, nous \u00e9tions pr\u00e9sents \u00e0 la 2e \u00e9dition de l\u2019Irreversible Festival pour enregistrer quelques interviews \ud83d\ude42 Un week-end riche en nouvelles rencontres, d\u00e9couvertes musicales et en rock et metal ! Retrouvez prochainement les interviews exclusives de Jessanna, Fensta, Flayst et Promethee, ainsi que les photos des nombreux talents locaux et internationaux qui se sont succ\u00e9d\u00e9s sur les deux sc\u00e8nes de l&rsquo;\u00e9v\u00e9nement [&hellip;]<\/p>\n","protected":false},"author":2,"featured_media":8345,"comment_status":"open","ping_status":"closed","sticky":false,"template":"","format":"standard","meta":{"footnotes":""},"categories":[3],"tags":[],"class_list":["post-8344","post","type-post","status-publish","format-standard","has-post-thumbnail","hentry","category-quoi-de-neuf"],"_links":{"self":[{"href":"https:\/\/alpradio.com\/fr\/wp-json\/wp\/v2\/posts\/8344","targetHints":{"allow":["GET"]}}],"collection":[{"href":"https:\/\/alpradio.com\/fr\/wp-json\/wp\/v2\/posts"}],"about":[{"href":"https:\/\/alpradio.com\/fr\/wp-json\/wp\/v2\/types\/post"}],"author":[{"embeddable":true,"href":"https:\/\/alpradio.com\/fr\/wp-json\/wp\/v2\/users\/2"}],"replies":[{"embeddable":true,"href":"https:\/\/alpradio.com\/fr\/wp-json\/wp\/v2\/comments?post=8344"}],"version-history":[{"count":7,"href":"https:\/\/alpradio.com\/fr\/wp-json\/wp\/v2\/posts\/8344\/revisions"}],"predecessor-version":[{"id":8352,"href":"https:\/\/alpradio.com\/fr\/wp-json\/wp\/v2\/posts\/8344\/revisions\/8352"}],"wp:featuredmedia":[{"embeddable":true,"href":"https:\/\/alpradio.com\/fr\/wp-json\/wp\/v2\/media\/8345"}],"wp:attachment":[{"href":"https:\/\/alpradio.com\/fr\/wp-json\/wp\/v2\/media?parent=8344"}],"wp:term":[{"taxonomy":"category","embeddable":true,"href":"https:\/\/alpradio.com\/fr\/wp-json\/wp\/v2\/categories?post=8344"},{"taxonomy":"post_tag","embeddable":true,"href":"https:\/\/alpradio.com\/fr\/wp-json\/wp\/v2\/tags?post=8344"}],"curies":[{"name":"wp","href":"https:\/\/api.w.org\/{rel}","templated":true}]}}