{"id":8353,"date":"2018-05-29T21:03:06","date_gmt":"2018-05-29T20:03:06","guid":{"rendered":"http:\/\/alpradio.com\/fr\/?p=8353"},"modified":"2018-05-29T21:03:06","modified_gmt":"2018-05-29T20:03:06","slug":"interview-de-jessanna-fensta-flayst-et-promethee-a-lirreversible-festival","status":"publish","type":"post","link":"https:\/\/alpradio.com\/fr\/interview-de-jessanna-fensta-flayst-et-promethee-a-lirreversible-festival\/","title":{"rendered":"Interview de Jessanna, Fensta, Flayst et Promethee \u00e0 l&rsquo;Irreversible Festival"},"content":{"rendered":"<p>Les 25 et 26 mai, nous \u00e9tions pr\u00e9sents \u00e0 la 2e \u00e9dition de l\u2019Irreversible Festival pour enregistrer quelques interviews \ud83d\ude42 Jessanna, Fensta, Flayst et Promethee ont pass\u00e9 un moment en notre compagnie.<\/p>\n<p>Diffusions :<\/p>\n<ul>\n<li><strong>Jessanna mercredi 30 mai \u00e0 11h00<\/strong><\/li>\n<li><strong>Fensta mercredi 30 mai \u00e0 19h00<\/strong><\/li>\n<li><strong>Flayst jeudi 31 mai \u00e0 11h00<\/strong><\/li>\n<li><strong>Promethee jeudi 31 mai \u00e0 19h00<\/strong><\/li>\n<\/ul>\n<p>Sur <a href=\"http:\/\/www.vibration108.ch\/player\/alpradio\/\">le player<\/a> ou avec l&rsquo;application Vibration Radios avec vos t\u00e9l\u00e9phones \ud83d\ude09<\/p>\n","protected":false},"excerpt":{"rendered":"<p>Les 25 et 26 mai, nous \u00e9tions pr\u00e9sents \u00e0 la 2e \u00e9dition de l\u2019Irreversible Festival pour enregistrer quelques interviews \ud83d\ude42 Jessanna, Fensta, Flayst et Promethee ont pass\u00e9 un moment en notre compagnie. Diffusions : Jessanna mercredi 30 mai \u00e0 11h00 Fensta mercredi 30 mai \u00e0 19h00 Flayst jeudi 31 mai \u00e0 11h00 Promethee jeudi 31 mai \u00e0 19h00 Sur le player ou avec l&rsquo;application Vibration [&hellip;]<\/p>\n","protected":false},"author":2,"featured_media":8357,"comment_status":"open","ping_status":"closed","sticky":false,"template":"","format":"standard","meta":{"footnotes":""},"categories":[3],"tags":[],"class_list":["post-8353","post","type-post","status-publish","format-standard","has-post-thumbnail","hentry","category-quoi-de-neuf"],"_links":{"self":[{"href":"https:\/\/alpradio.com\/fr\/wp-json\/wp\/v2\/posts\/8353","targetHints":{"allow":["GET"]}}],"collection":[{"href":"https:\/\/alpradio.com\/fr\/wp-json\/wp\/v2\/posts"}],"about":[{"href":"https:\/\/alpradio.com\/fr\/wp-json\/wp\/v2\/types\/post"}],"author":[{"embeddable":true,"href":"https:\/\/alpradio.com\/fr\/wp-json\/wp\/v2\/users\/2"}],"replies":[{"embeddable":true,"href":"https:\/\/alpradio.com\/fr\/wp-json\/wp\/v2\/comments?post=8353"}],"version-history":[{"count":6,"href":"https:\/\/alpradio.com\/fr\/wp-json\/wp\/v2\/posts\/8353\/revisions"}],"predecessor-version":[{"id":8360,"href":"https:\/\/alpradio.com\/fr\/wp-json\/wp\/v2\/posts\/8353\/revisions\/8360"}],"wp:featuredmedia":[{"embeddable":true,"href":"https:\/\/alpradio.com\/fr\/wp-json\/wp\/v2\/media\/8357"}],"wp:attachment":[{"href":"https:\/\/alpradio.com\/fr\/wp-json\/wp\/v2\/media?parent=8353"}],"wp:term":[{"taxonomy":"category","embeddable":true,"href":"https:\/\/alpradio.com\/fr\/wp-json\/wp\/v2\/categories?post=8353"},{"taxonomy":"post_tag","embeddable":true,"href":"https:\/\/alpradio.com\/fr\/wp-json\/wp\/v2\/tags?post=8353"}],"curies":[{"name":"wp","href":"https:\/\/api.w.org\/{rel}","templated":true}]}}