{"id":8487,"date":"2018-06-16T20:54:26","date_gmt":"2018-06-16T19:54:26","guid":{"rendered":"http:\/\/alpradio.com\/fr\/?p=8487"},"modified":"2018-06-16T21:24:52","modified_gmt":"2018-06-16T20:24:52","slug":"merci-greenfield-festival","status":"publish","type":"post","link":"https:\/\/alpradio.com\/fr\/merci-greenfield-festival\/","title":{"rendered":"Merci Greenfield Festival !"},"content":{"rendered":"<p>Pour la 11e fois cette ann\u00e9e, des dizaines de milliers de spectateurs ont investi le Greenfield Festival non loin de la petite bourgade d&rsquo;Interlaken du 7 au 9 juin. 40 groupes de rock et de metal se sont relay\u00e9s sur les deux sc\u00e8nes de l&rsquo;\u00e9v\u00e9nement, pour des shows particuli\u00e8rement muscl\u00e9s.<\/p>\n<p>Dans notre top des concerts qu&rsquo;on a appr\u00e9ci\u00e9 il y a les australiens de Parkway Drive, les tessinois de Dreamshade, les am\u00e9ricains de Limp Bizkit et les zugois de Mindcollision ! Notre photographe y a pris la temp\u00e9rature et a m\u00eame go\u00fbt\u00e9 aux joies du camping. Retrouvez ses clich\u00e9s dans <a href=\"https:\/\/www.facebook.com\/pg\/alpradio\/photos\/?tab=album&amp;album_id=2029038297168824\" target=\"_blank\" rel=\"noopener\">notre album<\/a> !<\/p>\n","protected":false},"excerpt":{"rendered":"<p>Pour la 11e fois cette ann\u00e9e, des dizaines de milliers de spectateurs ont investi le Greenfield Festival non loin de la petite bourgade d&rsquo;Interlaken du 7 au 9 juin. 40 groupes de rock et de metal se sont relay\u00e9s sur les deux sc\u00e8nes de l&rsquo;\u00e9v\u00e9nement, pour des shows particuli\u00e8rement muscl\u00e9s. Dans notre top des concerts qu&rsquo;on a appr\u00e9ci\u00e9 il y a les australiens de Parkway [&hellip;]<\/p>\n","protected":false},"author":2,"featured_media":8490,"comment_status":"open","ping_status":"closed","sticky":false,"template":"","format":"standard","meta":{"footnotes":""},"categories":[3],"tags":[],"class_list":["post-8487","post","type-post","status-publish","format-standard","has-post-thumbnail","hentry","category-quoi-de-neuf"],"_links":{"self":[{"href":"https:\/\/alpradio.com\/fr\/wp-json\/wp\/v2\/posts\/8487","targetHints":{"allow":["GET"]}}],"collection":[{"href":"https:\/\/alpradio.com\/fr\/wp-json\/wp\/v2\/posts"}],"about":[{"href":"https:\/\/alpradio.com\/fr\/wp-json\/wp\/v2\/types\/post"}],"author":[{"embeddable":true,"href":"https:\/\/alpradio.com\/fr\/wp-json\/wp\/v2\/users\/2"}],"replies":[{"embeddable":true,"href":"https:\/\/alpradio.com\/fr\/wp-json\/wp\/v2\/comments?post=8487"}],"version-history":[{"count":3,"href":"https:\/\/alpradio.com\/fr\/wp-json\/wp\/v2\/posts\/8487\/revisions"}],"predecessor-version":[{"id":8510,"href":"https:\/\/alpradio.com\/fr\/wp-json\/wp\/v2\/posts\/8487\/revisions\/8510"}],"wp:featuredmedia":[{"embeddable":true,"href":"https:\/\/alpradio.com\/fr\/wp-json\/wp\/v2\/media\/8490"}],"wp:attachment":[{"href":"https:\/\/alpradio.com\/fr\/wp-json\/wp\/v2\/media?parent=8487"}],"wp:term":[{"taxonomy":"category","embeddable":true,"href":"https:\/\/alpradio.com\/fr\/wp-json\/wp\/v2\/categories?post=8487"},{"taxonomy":"post_tag","embeddable":true,"href":"https:\/\/alpradio.com\/fr\/wp-json\/wp\/v2\/tags?post=8487"}],"curies":[{"name":"wp","href":"https:\/\/api.w.org\/{rel}","templated":true}]}}