{"id":8553,"date":"2018-07-02T10:31:24","date_gmt":"2018-07-02T09:31:24","guid":{"rendered":"http:\/\/alpradio.com\/fr\/?p=8553"},"modified":"2018-07-02T10:31:24","modified_gmt":"2018-07-02T09:31:24","slug":"merci","status":"publish","type":"post","link":"https:\/\/alpradio.com\/fr\/merci\/","title":{"rendered":"Merci !"},"content":{"rendered":"<p>Quelle journ\u00e9e et quelle soir\u00e9e ! Au nom de toute l&rsquo;\u00e9quipe, on vous remercie d&rsquo;avoir \u00e9t\u00e9 aussi nombreux pour nos 10 ans et pour l&rsquo;inauguration de ce superbe espace estival, Le Mirage. C&rsquo;\u00e9tait un tr\u00e8s beau cadeau de partager ce moment avec vous.<\/p>\n<p>Merci \u00e0 toute l&rsquo;\u00e9quipe du Mirage pour leur gentillesse, leur spontan\u00e9it\u00e9 et leur disponibilit\u00e9. Merci \u00e0 Kaceo, Overgrass , Ju Lien,\u00a0 Wanted&rsquo;s et Billy Aydan qui ont fait une super prestation et aux musiciens qui ont particip\u00e9 \u00e0 la jam du soir. Merci \u00e9galement \u00e0 Jean Deloffre et Lo\u00efs Renaud pour leur excellent travail et \u00e0 Christelle Loretan qui a si bien pris soin des groupes !<\/p>\n<p>Vous retrouverez bient\u00f4t la rediffusion de cet \u00e9v\u00e9nement sur nos ondes, ainsi que des photos sur notre Page Facebook et notre site internet !<\/p>\n","protected":false},"excerpt":{"rendered":"<p>Quelle journ\u00e9e et quelle soir\u00e9e ! Au nom de toute l&rsquo;\u00e9quipe, on vous remercie d&rsquo;avoir \u00e9t\u00e9 aussi nombreux pour nos 10 ans et pour l&rsquo;inauguration de ce superbe espace estival, Le Mirage. C&rsquo;\u00e9tait un tr\u00e8s beau cadeau de partager ce moment avec vous. Merci \u00e0 toute l&rsquo;\u00e9quipe du Mirage pour leur gentillesse, leur spontan\u00e9it\u00e9 et leur disponibilit\u00e9. Merci \u00e0 Kaceo, Overgrass , Ju Lien,\u00a0 Wanted&rsquo;s [&hellip;]<\/p>\n","protected":false},"author":2,"featured_media":8554,"comment_status":"open","ping_status":"closed","sticky":false,"template":"","format":"standard","meta":{"footnotes":""},"categories":[3],"tags":[],"class_list":["post-8553","post","type-post","status-publish","format-standard","has-post-thumbnail","hentry","category-quoi-de-neuf"],"_links":{"self":[{"href":"https:\/\/alpradio.com\/fr\/wp-json\/wp\/v2\/posts\/8553","targetHints":{"allow":["GET"]}}],"collection":[{"href":"https:\/\/alpradio.com\/fr\/wp-json\/wp\/v2\/posts"}],"about":[{"href":"https:\/\/alpradio.com\/fr\/wp-json\/wp\/v2\/types\/post"}],"author":[{"embeddable":true,"href":"https:\/\/alpradio.com\/fr\/wp-json\/wp\/v2\/users\/2"}],"replies":[{"embeddable":true,"href":"https:\/\/alpradio.com\/fr\/wp-json\/wp\/v2\/comments?post=8553"}],"version-history":[{"count":1,"href":"https:\/\/alpradio.com\/fr\/wp-json\/wp\/v2\/posts\/8553\/revisions"}],"predecessor-version":[{"id":8555,"href":"https:\/\/alpradio.com\/fr\/wp-json\/wp\/v2\/posts\/8553\/revisions\/8555"}],"wp:featuredmedia":[{"embeddable":true,"href":"https:\/\/alpradio.com\/fr\/wp-json\/wp\/v2\/media\/8554"}],"wp:attachment":[{"href":"https:\/\/alpradio.com\/fr\/wp-json\/wp\/v2\/media?parent=8553"}],"wp:term":[{"taxonomy":"category","embeddable":true,"href":"https:\/\/alpradio.com\/fr\/wp-json\/wp\/v2\/categories?post=8553"},{"taxonomy":"post_tag","embeddable":true,"href":"https:\/\/alpradio.com\/fr\/wp-json\/wp\/v2\/tags?post=8553"}],"curies":[{"name":"wp","href":"https:\/\/api.w.org\/{rel}","templated":true}]}}