{"id":8639,"date":"2018-07-04T20:24:13","date_gmt":"2018-07-04T19:24:13","guid":{"rendered":"http:\/\/alpradio.com\/fr\/?p=8639"},"modified":"2018-07-04T21:57:57","modified_gmt":"2018-07-04T20:57:57","slug":"emission-co2-la-derniere","status":"publish","type":"post","link":"https:\/\/alpradio.com\/fr\/emission-co2-la-derniere\/","title":{"rendered":"Emission Co2, la derni\u00e8re !"},"content":{"rendered":"<p>Pour la derni\u00e8re de Co2, nous avons r\u00e9alis\u00e9 une \u00e9mission sp\u00e9ciale avec 3 groupes d\u00e9couverte \u00e0 l\u2019occasion des 10 ans d\u2019AlpRadio au Mirage \u00e0 Monthey. C\u2019\u00e9tait \u00e9galement l\u2019inauguration de leur espace estival !<\/p>\n<p><strong>Ecoutez les concerts et les interviews de Billy Aydan, Wanted\u2019s et Ju Lien ce jeudi 5 juillet d\u00e8s 19h00 sur le player : <a href=\"http:\/\/le player\">www.vibration108.ch\/player\/alpradio\/<\/a> ou sur l\u2019application Vibration Radios avec votre t\u00e9l\u00e9phone.<\/strong><\/p>\n<p><strong>Rediffusion : dimanche 8 juillet \u00e0 12h00.<\/strong><\/p>\n<p>C\u2019est avec beaucoup d\u2019\u00e9motions que nous avons marqu\u00e9 cette fin de saison et nous remercions toutes les personnes pr\u00e9sentes qui ont contribu\u00e9 \u00e0 cette magnifique journ\u00e9e \ud83d\ude42<\/p>\n<p>Nous profitons aussi de remercier tous les groupes que nous avons accueilli au cours de ces 3 saisons de Co2. De belles richesses musicales et humaines !<\/p>\n<p>Rendez-vous \u00e0 la rentr\u00e9e pour de nouvelles surprises !<\/p>\n","protected":false},"excerpt":{"rendered":"<p>Pour la derni\u00e8re de Co2, nous avons r\u00e9alis\u00e9 une \u00e9mission sp\u00e9ciale avec 3 groupes d\u00e9couverte \u00e0 l\u2019occasion des 10 ans d\u2019AlpRadio au Mirage \u00e0 Monthey. C\u2019\u00e9tait \u00e9galement l\u2019inauguration de leur espace estival ! Ecoutez les concerts et les interviews de Billy Aydan, Wanted\u2019s et Ju Lien ce jeudi 5 juillet d\u00e8s 19h00 sur le player : www.vibration108.ch\/player\/alpradio\/ ou sur l\u2019application Vibration Radios avec votre t\u00e9l\u00e9phone. [&hellip;]<\/p>\n","protected":false},"author":2,"featured_media":8571,"comment_status":"open","ping_status":"closed","sticky":false,"template":"","format":"standard","meta":{"footnotes":""},"categories":[3],"tags":[],"class_list":["post-8639","post","type-post","status-publish","format-standard","has-post-thumbnail","hentry","category-quoi-de-neuf"],"_links":{"self":[{"href":"https:\/\/alpradio.com\/fr\/wp-json\/wp\/v2\/posts\/8639","targetHints":{"allow":["GET"]}}],"collection":[{"href":"https:\/\/alpradio.com\/fr\/wp-json\/wp\/v2\/posts"}],"about":[{"href":"https:\/\/alpradio.com\/fr\/wp-json\/wp\/v2\/types\/post"}],"author":[{"embeddable":true,"href":"https:\/\/alpradio.com\/fr\/wp-json\/wp\/v2\/users\/2"}],"replies":[{"embeddable":true,"href":"https:\/\/alpradio.com\/fr\/wp-json\/wp\/v2\/comments?post=8639"}],"version-history":[{"count":2,"href":"https:\/\/alpradio.com\/fr\/wp-json\/wp\/v2\/posts\/8639\/revisions"}],"predecessor-version":[{"id":8646,"href":"https:\/\/alpradio.com\/fr\/wp-json\/wp\/v2\/posts\/8639\/revisions\/8646"}],"wp:featuredmedia":[{"embeddable":true,"href":"https:\/\/alpradio.com\/fr\/wp-json\/wp\/v2\/media\/8571"}],"wp:attachment":[{"href":"https:\/\/alpradio.com\/fr\/wp-json\/wp\/v2\/media?parent=8639"}],"wp:term":[{"taxonomy":"category","embeddable":true,"href":"https:\/\/alpradio.com\/fr\/wp-json\/wp\/v2\/categories?post=8639"},{"taxonomy":"post_tag","embeddable":true,"href":"https:\/\/alpradio.com\/fr\/wp-json\/wp\/v2\/tags?post=8639"}],"curies":[{"name":"wp","href":"https:\/\/api.w.org\/{rel}","templated":true}]}}