{"id":8871,"date":"2018-09-14T21:03:31","date_gmt":"2018-09-14T20:03:31","guid":{"rendered":"http:\/\/alpradio.com\/fr\/?p=8871"},"modified":"2018-09-14T21:04:34","modified_gmt":"2018-09-14T20:04:34","slug":"depart-de-sam","status":"publish","type":"post","link":"https:\/\/alpradio.com\/fr\/depart-de-sam\/","title":{"rendered":"Belle suite, Sam&#8230;"},"content":{"rendered":"<p>Coup dur pour AlpRadio <span class=\"_47e3 _5mfr\" title=\"\u00e9motic\u00f4ne cry\"><img loading=\"lazy\" decoding=\"async\" class=\"img\" role=\"presentation\" src=\"https:\/\/static.xx.fbcdn.net\/images\/emoji.php\/v9\/fe\/1\/16\/1f622.png\" alt=\"\" width=\"16\" height=\"16\" \/><\/span> en effet, Sam, qui \u00e9tait un membre important de notre \u00e9quipe, s\u2019en va exp\u00e9rimenter d\u2019autres horizons et a pris la difficile d\u00e9cision de quitter la radio.<\/p>\n<p>Apr\u00e8s 6 ans d\u2019animation, il nous a apport\u00e9 son humour, sa bonne humeur et sa spontan\u00e9it\u00e9. Nous, nous avons pu l\u2019aider \u00e0 r\u00e9aliser son r\u00eave de gosse : faire de la radio <span class=\"_47e3 _5mfr\" title=\"\u00e9motic\u00f4ne smile\"><img loading=\"lazy\" decoding=\"async\" class=\"img\" role=\"presentation\" src=\"https:\/\/static.xx.fbcdn.net\/images\/emoji.php\/v9\/f4c\/1\/16\/1f642.png\" alt=\"\" width=\"16\" height=\"16\" \/><\/span><\/p>\n<p>Nous lui souhaitons tout le meilleur pour la suite de ses projets ! Vous pourrez d\u2019ailleurs le retrouver dans la pi\u00e8ce de th\u00e9\u00e2tre<span class=\"text_exposed_show\"> \u00ab Black Comedy \u00bb pour plusieurs dates au mois d\u2019octobre : <a href=\"https:\/\/l.facebook.com\/l.php?u=http%3A%2F%2Fwww.theatreanniviers.ch%2F&amp;h=AT2Zt9mSX-eq6fU1TrYd1Ob05PlweIgZt8ywqj_J8QuKAHx25CCBu6_rrdELCjcxuIgiL-4yoSEk4K3GIL84zrz9m33KKAubvW8HXzJhs5vzRbO14UkduXSs3dgd3BTaqSPWl18BwI1lLDqjAp6Jgd-YxxGFLog-iZwN-T5lT7S30UeB-FPuknoB-aCo-pnmSgKB6FtXdgZw_ilP7KhliQMcn_eBtg199PRELj9NcqOjylZNHCgnZWuI14jK54SM4mFgwXK5X4bWVA9_J_Rf8JNdTpJX7GvRHEmTxLquIglg_l3Iqh3l_GVF6PqGcUxgsWmX5dMqdl77CxCzc_6Dr79PcQrZ86pbt4kv67CPj8P7G044Q38r1D7TGbk5ZWZ_fqpqKWDs9rV3wx0_MAtVOxz05l-HRoP-LNy31eku\" target=\"_blank\" rel=\"noopener nofollow\" data-ft=\"{&quot;tn&quot;:&quot;-U&quot;}\" data-lynx-mode=\"async\">www.theatreanniviers.ch<\/a> <\/span><\/p>\n<div class=\"text_exposed_show\">\n<p>Merci \u00e0 toi Sam et belle route !<\/p>\n<\/div>\n","protected":false},"excerpt":{"rendered":"<p>Coup dur pour AlpRadio en effet, Sam, qui \u00e9tait un membre important de notre \u00e9quipe, s\u2019en va exp\u00e9rimenter d\u2019autres horizons et a pris la difficile d\u00e9cision de quitter la radio. Apr\u00e8s 6 ans d\u2019animation, il nous a apport\u00e9 son humour, sa bonne humeur et sa spontan\u00e9it\u00e9. Nous, nous avons pu l\u2019aider \u00e0 r\u00e9aliser son r\u00eave de gosse : faire de la radio Nous lui souhaitons [&hellip;]<\/p>\n","protected":false},"author":2,"featured_media":8872,"comment_status":"open","ping_status":"closed","sticky":false,"template":"","format":"standard","meta":{"footnotes":""},"categories":[3],"tags":[],"class_list":["post-8871","post","type-post","status-publish","format-standard","has-post-thumbnail","hentry","category-quoi-de-neuf"],"_links":{"self":[{"href":"https:\/\/alpradio.com\/fr\/wp-json\/wp\/v2\/posts\/8871","targetHints":{"allow":["GET"]}}],"collection":[{"href":"https:\/\/alpradio.com\/fr\/wp-json\/wp\/v2\/posts"}],"about":[{"href":"https:\/\/alpradio.com\/fr\/wp-json\/wp\/v2\/types\/post"}],"author":[{"embeddable":true,"href":"https:\/\/alpradio.com\/fr\/wp-json\/wp\/v2\/users\/2"}],"replies":[{"embeddable":true,"href":"https:\/\/alpradio.com\/fr\/wp-json\/wp\/v2\/comments?post=8871"}],"version-history":[{"count":4,"href":"https:\/\/alpradio.com\/fr\/wp-json\/wp\/v2\/posts\/8871\/revisions"}],"predecessor-version":[{"id":8876,"href":"https:\/\/alpradio.com\/fr\/wp-json\/wp\/v2\/posts\/8871\/revisions\/8876"}],"wp:featuredmedia":[{"embeddable":true,"href":"https:\/\/alpradio.com\/fr\/wp-json\/wp\/v2\/media\/8872"}],"wp:attachment":[{"href":"https:\/\/alpradio.com\/fr\/wp-json\/wp\/v2\/media?parent=8871"}],"wp:term":[{"taxonomy":"category","embeddable":true,"href":"https:\/\/alpradio.com\/fr\/wp-json\/wp\/v2\/categories?post=8871"},{"taxonomy":"post_tag","embeddable":true,"href":"https:\/\/alpradio.com\/fr\/wp-json\/wp\/v2\/tags?post=8871"}],"curies":[{"name":"wp","href":"https:\/\/api.w.org\/{rel}","templated":true}]}}