{"id":8877,"date":"2018-09-16T22:21:29","date_gmt":"2018-09-16T21:21:29","guid":{"rendered":"http:\/\/alpradio.com\/fr\/?p=8877"},"modified":"2018-09-16T22:21:29","modified_gmt":"2018-09-16T21:21:29","slug":"interview-de-david-minster","status":"publish","type":"post","link":"https:\/\/alpradio.com\/fr\/interview-de-david-minster\/","title":{"rendered":"Interview de David Minster"},"content":{"rendered":"<p>Cette semaine nous vous proposons de d\u00e9couvrir <strong>David Minster<\/strong> au travers d\u2019une interview qui raconte un bien beau parcours.<br \/>\nEn effet, ce chanteur, multi instrumentiste, auteur compositeur mais aussi beau-fr\u00e8re du c\u00e9l\u00e8bre chanteur Am\u00e9ricain Calvin Russel et neveu du rockeur Vince Taylor, star des ann\u00e9e 60\u2019s, partage avec nous un bout de son histoire, ses inspirations, des anecdotes et la pr\u00e9paration d\u2019un futur disque qui verra le jour prochainement.<\/p>\n<p>D\u00e9couvrez aussi quelques morceaux dont un live (reprise de Calvin Russel), mais aussi un morceau qui lui ai d\u00e9di\u00e9.<br \/>\nOn aime le blues sur AlpRadio ! \ud83d\ude42<\/p>\n<p><a href=\"http:\/\/www.david-minster.com\">www.david-minster.com<\/a><\/p>\n<p><strong>Diffusion: Mardi 18 septembre \u00e0 11h00<\/strong><br \/>\n<strong>Rediffusion: Jeudi 20 septembre \u00e0 19h00<\/strong><\/p>\n<p>A noter que David Minster se produira ce 21 septembre au Vida Loca Caf\u00e9 \u00e0 Bex !<\/p>\n<p>Merci \u00e0 lui pour ce bon moment partag\u00e9, ainsi qu\u2019\u00e0 sa promotrice Evelyne \ud83d\ude42<\/p>\n","protected":false},"excerpt":{"rendered":"<p>Cette semaine nous vous proposons de d\u00e9couvrir David Minster au travers d\u2019une interview qui raconte un bien beau parcours. En effet, ce chanteur, multi instrumentiste, auteur compositeur mais aussi beau-fr\u00e8re du c\u00e9l\u00e8bre chanteur Am\u00e9ricain Calvin Russel et neveu du rockeur Vince Taylor, star des ann\u00e9e 60\u2019s, partage avec nous un bout de son histoire, ses inspirations, des anecdotes et la pr\u00e9paration d\u2019un futur disque qui [&hellip;]<\/p>\n","protected":false},"author":2,"featured_media":8878,"comment_status":"open","ping_status":"closed","sticky":false,"template":"","format":"standard","meta":{"footnotes":""},"categories":[3],"tags":[],"class_list":["post-8877","post","type-post","status-publish","format-standard","has-post-thumbnail","hentry","category-quoi-de-neuf"],"_links":{"self":[{"href":"https:\/\/alpradio.com\/fr\/wp-json\/wp\/v2\/posts\/8877","targetHints":{"allow":["GET"]}}],"collection":[{"href":"https:\/\/alpradio.com\/fr\/wp-json\/wp\/v2\/posts"}],"about":[{"href":"https:\/\/alpradio.com\/fr\/wp-json\/wp\/v2\/types\/post"}],"author":[{"embeddable":true,"href":"https:\/\/alpradio.com\/fr\/wp-json\/wp\/v2\/users\/2"}],"replies":[{"embeddable":true,"href":"https:\/\/alpradio.com\/fr\/wp-json\/wp\/v2\/comments?post=8877"}],"version-history":[{"count":1,"href":"https:\/\/alpradio.com\/fr\/wp-json\/wp\/v2\/posts\/8877\/revisions"}],"predecessor-version":[{"id":8879,"href":"https:\/\/alpradio.com\/fr\/wp-json\/wp\/v2\/posts\/8877\/revisions\/8879"}],"wp:featuredmedia":[{"embeddable":true,"href":"https:\/\/alpradio.com\/fr\/wp-json\/wp\/v2\/media\/8878"}],"wp:attachment":[{"href":"https:\/\/alpradio.com\/fr\/wp-json\/wp\/v2\/media?parent=8877"}],"wp:term":[{"taxonomy":"category","embeddable":true,"href":"https:\/\/alpradio.com\/fr\/wp-json\/wp\/v2\/categories?post=8877"},{"taxonomy":"post_tag","embeddable":true,"href":"https:\/\/alpradio.com\/fr\/wp-json\/wp\/v2\/tags?post=8877"}],"curies":[{"name":"wp","href":"https:\/\/api.w.org\/{rel}","templated":true}]}}