{"id":8947,"date":"2018-10-01T14:09:08","date_gmt":"2018-10-01T13:09:08","guid":{"rendered":"http:\/\/alpradio.com\/fr\/?p=8947"},"modified":"2018-10-01T14:09:08","modified_gmt":"2018-10-01T13:09:08","slug":"et-si-tu-venais-faire-de-la-radio-avec-nous","status":"publish","type":"post","link":"https:\/\/alpradio.com\/fr\/et-si-tu-venais-faire-de-la-radio-avec-nous\/","title":{"rendered":"Et si tu venais faire de la radio avec nous ?"},"content":{"rendered":"<p>Tu r\u00eaves de contribuer \u00e0 la promotion de la sc\u00e8ne suisse ? Tu es passionn\u00e9-e par les groupes et les \u00e9v\u00e9nements culturels de notre pays ? Viens animer avec nous \u00e0 notre \u00e9mission, nos \u00e9v\u00e9nements et interviews.<\/p>\n<p>Nous cherchons plusieurs personnes habitant de pr\u00e9f\u00e9rence en Valais ou dans le Chablais, qui aient quelques connaissances de l&rsquo;animation radio ou qui aimerait se lancer et tester ses connaissances. Plus on est de fous, plus on rit ! Une connaissance dans la technique serait un plus. Apporte ton humour, ta spontan\u00e9it\u00e9 et ta personnalit\u00e9 dans une radio b\u00e9n\u00e9vole jeune, motiv\u00e9e et passionn\u00e9e !<\/p>\n<p>Ecris-nous \u00e0 <a href=\"contact@alpradio.com\">contact@alpradio.com<\/a> \ud83d\ude42<\/p>\n","protected":false},"excerpt":{"rendered":"<p>Tu r\u00eaves de contribuer \u00e0 la promotion de la sc\u00e8ne suisse ? Tu es passionn\u00e9-e par les groupes et les \u00e9v\u00e9nements culturels de notre pays ? Viens animer avec nous \u00e0 notre \u00e9mission, nos \u00e9v\u00e9nements et interviews. Nous cherchons plusieurs personnes habitant de pr\u00e9f\u00e9rence en Valais ou dans le Chablais, qui aient quelques connaissances de l&rsquo;animation radio ou qui aimerait se lancer et tester ses [&hellip;]<\/p>\n","protected":false},"author":2,"featured_media":8948,"comment_status":"open","ping_status":"closed","sticky":false,"template":"","format":"standard","meta":{"footnotes":""},"categories":[3],"tags":[],"class_list":["post-8947","post","type-post","status-publish","format-standard","has-post-thumbnail","hentry","category-quoi-de-neuf"],"_links":{"self":[{"href":"https:\/\/alpradio.com\/fr\/wp-json\/wp\/v2\/posts\/8947","targetHints":{"allow":["GET"]}}],"collection":[{"href":"https:\/\/alpradio.com\/fr\/wp-json\/wp\/v2\/posts"}],"about":[{"href":"https:\/\/alpradio.com\/fr\/wp-json\/wp\/v2\/types\/post"}],"author":[{"embeddable":true,"href":"https:\/\/alpradio.com\/fr\/wp-json\/wp\/v2\/users\/2"}],"replies":[{"embeddable":true,"href":"https:\/\/alpradio.com\/fr\/wp-json\/wp\/v2\/comments?post=8947"}],"version-history":[{"count":2,"href":"https:\/\/alpradio.com\/fr\/wp-json\/wp\/v2\/posts\/8947\/revisions"}],"predecessor-version":[{"id":8950,"href":"https:\/\/alpradio.com\/fr\/wp-json\/wp\/v2\/posts\/8947\/revisions\/8950"}],"wp:featuredmedia":[{"embeddable":true,"href":"https:\/\/alpradio.com\/fr\/wp-json\/wp\/v2\/media\/8948"}],"wp:attachment":[{"href":"https:\/\/alpradio.com\/fr\/wp-json\/wp\/v2\/media?parent=8947"}],"wp:term":[{"taxonomy":"category","embeddable":true,"href":"https:\/\/alpradio.com\/fr\/wp-json\/wp\/v2\/categories?post=8947"},{"taxonomy":"post_tag","embeddable":true,"href":"https:\/\/alpradio.com\/fr\/wp-json\/wp\/v2\/tags?post=8947"}],"curies":[{"name":"wp","href":"https:\/\/api.w.org\/{rel}","templated":true}]}}