{"id":8956,"date":"2018-10-12T22:49:03","date_gmt":"2018-10-12T21:49:03","guid":{"rendered":"http:\/\/alpradio.com\/fr\/?p=8956"},"modified":"2018-10-12T22:49:03","modified_gmt":"2018-10-12T21:49:03","slug":"interview-de-marquise","status":"publish","type":"post","link":"https:\/\/alpradio.com\/fr\/interview-de-marquise\/","title":{"rendered":"Interview de Marquise"},"content":{"rendered":"<p>Mathieu et Romain du trio veveysan-lausannois <strong>Marquise<\/strong> sont venus nous pr\u00e9senter ce beau projet, nous ont fait un retour sur le vernissage m\u00e9morable de leur nouvel EP \u00ab\u00a0Poumon Verre\u00a0\u00bb et nous ont notamment partag\u00e9 quelques anecdotes croustillantes. Tout \u00e7a avant de partir en tourn\u00e9e en Russie prochainement !<\/p>\n<p>D\u00e9couvrez quelques morceaux de ce bel EP \ud83d\ude42 on ne vous en dit pas plus et <strong>on vous donne rendez-vous les dimanche 14 octobre \u00e0 11h00 et mercredi 17 octobre \u00e0 19h00 pour la rediffusion.<\/strong><\/p>\n<p><a href=\"http:\/\/www.marquise-musique.com\">www.marquise-musique.com<\/a><\/p>\n<p>Merci \u00e0 tous les deux pour ce bon moment et une pens\u00e9e pour Estelle, chanteuse de Marquise, qui n\u2019a pu \u00eatre pr\u00e9sente pour l\u2019occasion \ud83d\ude09<\/p>\n","protected":false},"excerpt":{"rendered":"<p>Mathieu et Romain du trio veveysan-lausannois Marquise sont venus nous pr\u00e9senter ce beau projet, nous ont fait un retour sur le vernissage m\u00e9morable de leur nouvel EP \u00ab\u00a0Poumon Verre\u00a0\u00bb et nous ont notamment partag\u00e9 quelques anecdotes croustillantes. Tout \u00e7a avant de partir en tourn\u00e9e en Russie prochainement ! D\u00e9couvrez quelques morceaux de ce bel EP \ud83d\ude42 on ne vous en dit pas plus et on [&hellip;]<\/p>\n","protected":false},"author":2,"featured_media":8957,"comment_status":"open","ping_status":"closed","sticky":false,"template":"","format":"standard","meta":{"footnotes":""},"categories":[3],"tags":[],"class_list":["post-8956","post","type-post","status-publish","format-standard","has-post-thumbnail","hentry","category-quoi-de-neuf"],"_links":{"self":[{"href":"https:\/\/alpradio.com\/fr\/wp-json\/wp\/v2\/posts\/8956","targetHints":{"allow":["GET"]}}],"collection":[{"href":"https:\/\/alpradio.com\/fr\/wp-json\/wp\/v2\/posts"}],"about":[{"href":"https:\/\/alpradio.com\/fr\/wp-json\/wp\/v2\/types\/post"}],"author":[{"embeddable":true,"href":"https:\/\/alpradio.com\/fr\/wp-json\/wp\/v2\/users\/2"}],"replies":[{"embeddable":true,"href":"https:\/\/alpradio.com\/fr\/wp-json\/wp\/v2\/comments?post=8956"}],"version-history":[{"count":1,"href":"https:\/\/alpradio.com\/fr\/wp-json\/wp\/v2\/posts\/8956\/revisions"}],"predecessor-version":[{"id":8958,"href":"https:\/\/alpradio.com\/fr\/wp-json\/wp\/v2\/posts\/8956\/revisions\/8958"}],"wp:featuredmedia":[{"embeddable":true,"href":"https:\/\/alpradio.com\/fr\/wp-json\/wp\/v2\/media\/8957"}],"wp:attachment":[{"href":"https:\/\/alpradio.com\/fr\/wp-json\/wp\/v2\/media?parent=8956"}],"wp:term":[{"taxonomy":"category","embeddable":true,"href":"https:\/\/alpradio.com\/fr\/wp-json\/wp\/v2\/categories?post=8956"},{"taxonomy":"post_tag","embeddable":true,"href":"https:\/\/alpradio.com\/fr\/wp-json\/wp\/v2\/tags?post=8956"}],"curies":[{"name":"wp","href":"https:\/\/api.w.org\/{rel}","templated":true}]}}