{"id":9122,"date":"2018-12-11T00:43:47","date_gmt":"2018-12-10T23:43:47","guid":{"rendered":"http:\/\/alpradio.com\/fr\/?p=9122"},"modified":"2018-12-11T00:43:47","modified_gmt":"2018-12-10T23:43:47","slug":"interview-de-ana-the-black-mamba","status":"publish","type":"post","link":"https:\/\/alpradio.com\/fr\/interview-de-ana-the-black-mamba\/","title":{"rendered":"Interview de Ana &#038; The Black Mamba"},"content":{"rendered":"<p>Khalid et Jonas du groupe <strong>Ana &amp; The Black Mamba<\/strong> sont venus nous parler de leur aventure musicale, de leur disque, de leur actualit\u00e9 et des lives !<\/p>\n<p>Plus d\u2019une heure en leur compagnie \u00e0 partager sur la musique et vous faire d\u00e9couvrir quelques-uns de leur morceaux g\u00e9nialissimes \ud83d\ude42<\/p>\n<p><strong>Rendez-vous mercredi 12 d\u00e9cembre \u00e0 19h00 et vendredi 14 d\u00e9cembre \u00e0 11h00 pour la rediffusion, avant leur dernier concert de l\u2019ann\u00e9e \u00e0 Aigle.<\/strong><\/p>\n<p><a href=\"http:\/\/www.anaandtheblackmamba.com\">www.anaandtheblackmamba.com<\/a><\/p>\n<p>Cela faisait un bout de temps que nous voulions les inviter pour r\u00e9aliser cette interview et on se r\u00e9jouit de la suite ! Merci Ana &amp; The Black Mamba pour ce beau moment ! \ud83d\ude42<\/p>\n","protected":false},"excerpt":{"rendered":"<p>Khalid et Jonas du groupe Ana &amp; The Black Mamba sont venus nous parler de leur aventure musicale, de leur disque, de leur actualit\u00e9 et des lives ! Plus d\u2019une heure en leur compagnie \u00e0 partager sur la musique et vous faire d\u00e9couvrir quelques-uns de leur morceaux g\u00e9nialissimes \ud83d\ude42 Rendez-vous mercredi 12 d\u00e9cembre \u00e0 19h00 et vendredi 14 d\u00e9cembre \u00e0 11h00 pour la rediffusion, avant [&hellip;]<\/p>\n","protected":false},"author":2,"featured_media":9123,"comment_status":"open","ping_status":"closed","sticky":false,"template":"","format":"standard","meta":{"footnotes":""},"categories":[3],"tags":[],"class_list":["post-9122","post","type-post","status-publish","format-standard","has-post-thumbnail","hentry","category-quoi-de-neuf"],"_links":{"self":[{"href":"https:\/\/alpradio.com\/fr\/wp-json\/wp\/v2\/posts\/9122","targetHints":{"allow":["GET"]}}],"collection":[{"href":"https:\/\/alpradio.com\/fr\/wp-json\/wp\/v2\/posts"}],"about":[{"href":"https:\/\/alpradio.com\/fr\/wp-json\/wp\/v2\/types\/post"}],"author":[{"embeddable":true,"href":"https:\/\/alpradio.com\/fr\/wp-json\/wp\/v2\/users\/2"}],"replies":[{"embeddable":true,"href":"https:\/\/alpradio.com\/fr\/wp-json\/wp\/v2\/comments?post=9122"}],"version-history":[{"count":1,"href":"https:\/\/alpradio.com\/fr\/wp-json\/wp\/v2\/posts\/9122\/revisions"}],"predecessor-version":[{"id":9124,"href":"https:\/\/alpradio.com\/fr\/wp-json\/wp\/v2\/posts\/9122\/revisions\/9124"}],"wp:featuredmedia":[{"embeddable":true,"href":"https:\/\/alpradio.com\/fr\/wp-json\/wp\/v2\/media\/9123"}],"wp:attachment":[{"href":"https:\/\/alpradio.com\/fr\/wp-json\/wp\/v2\/media?parent=9122"}],"wp:term":[{"taxonomy":"category","embeddable":true,"href":"https:\/\/alpradio.com\/fr\/wp-json\/wp\/v2\/categories?post=9122"},{"taxonomy":"post_tag","embeddable":true,"href":"https:\/\/alpradio.com\/fr\/wp-json\/wp\/v2\/tags?post=9122"}],"curies":[{"name":"wp","href":"https:\/\/api.w.org\/{rel}","templated":true}]}}