{"id":9169,"date":"2018-12-22T00:49:01","date_gmt":"2018-12-21T23:49:01","guid":{"rendered":"http:\/\/alpradio.com\/fr\/?p=9169"},"modified":"2018-12-22T00:49:01","modified_gmt":"2018-12-21T23:49:01","slug":"bonnes-fetes-sur-alpradio","status":"publish","type":"post","link":"https:\/\/alpradio.com\/fr\/bonnes-fetes-sur-alpradio\/","title":{"rendered":"Bonnes f\u00eates sur AlpRadio !"},"content":{"rendered":"<p>La team d\u2019AlpRadio vous souhaite de magnifiques f\u00eates !<\/p>\n<p>On est d\u00e9j\u00e0 \u00e0 la fin de cette ann\u00e9e 2018 qui fut encore une fois, pleine de belles d\u00e9couvertes musicales, de coups de coeur, de rencontres merveilleuses et de m\u00e9morables \u00e9missions \u00ab\u00a0Co2\u00a0\u00bb en compagnie de Okinawa, Black Widow\u2019s Project, Fabian Tharin, Kaceo, Billy Aydan, Ju LIen et Wanted\u2019s \ud83d\ude42<\/p>\n<p>Sans oublier bien \u00e9videmment l\u2019Irreversible Festival avec 2 soir\u00e9es riches d\u2019interviews et de lives.<\/p>\n<p>Aussi, les maisons de disques et les artistes qui nous font parvenir leur musique toutes les semaines et qui nourrissent notre playlist de sacr\u00e9es pointures du son ! Les \u00e9changes et la confiance, c\u2019est beau \ud83d\ude42<\/p>\n<p>Que cette fin d\u2019ann\u00e9e vous soit pr\u00e9cieuse et que l\u2019ann\u00e9e \u00e0 venir le soit encore pluuus &lt;3<\/p>\n","protected":false},"excerpt":{"rendered":"<p>La team d\u2019AlpRadio vous souhaite de magnifiques f\u00eates ! On est d\u00e9j\u00e0 \u00e0 la fin de cette ann\u00e9e 2018 qui fut encore une fois, pleine de belles d\u00e9couvertes musicales, de coups de coeur, de rencontres merveilleuses et de m\u00e9morables \u00e9missions \u00ab\u00a0Co2\u00a0\u00bb en compagnie de Okinawa, Black Widow\u2019s Project, Fabian Tharin, Kaceo, Billy Aydan, Ju LIen et Wanted\u2019s \ud83d\ude42 Sans oublier bien \u00e9videmment l\u2019Irreversible Festival avec [&hellip;]<\/p>\n","protected":false},"author":2,"featured_media":9170,"comment_status":"open","ping_status":"closed","sticky":false,"template":"","format":"standard","meta":{"footnotes":""},"categories":[3],"tags":[],"class_list":["post-9169","post","type-post","status-publish","format-standard","has-post-thumbnail","hentry","category-quoi-de-neuf"],"_links":{"self":[{"href":"https:\/\/alpradio.com\/fr\/wp-json\/wp\/v2\/posts\/9169","targetHints":{"allow":["GET"]}}],"collection":[{"href":"https:\/\/alpradio.com\/fr\/wp-json\/wp\/v2\/posts"}],"about":[{"href":"https:\/\/alpradio.com\/fr\/wp-json\/wp\/v2\/types\/post"}],"author":[{"embeddable":true,"href":"https:\/\/alpradio.com\/fr\/wp-json\/wp\/v2\/users\/2"}],"replies":[{"embeddable":true,"href":"https:\/\/alpradio.com\/fr\/wp-json\/wp\/v2\/comments?post=9169"}],"version-history":[{"count":2,"href":"https:\/\/alpradio.com\/fr\/wp-json\/wp\/v2\/posts\/9169\/revisions"}],"predecessor-version":[{"id":9172,"href":"https:\/\/alpradio.com\/fr\/wp-json\/wp\/v2\/posts\/9169\/revisions\/9172"}],"wp:featuredmedia":[{"embeddable":true,"href":"https:\/\/alpradio.com\/fr\/wp-json\/wp\/v2\/media\/9170"}],"wp:attachment":[{"href":"https:\/\/alpradio.com\/fr\/wp-json\/wp\/v2\/media?parent=9169"}],"wp:term":[{"taxonomy":"category","embeddable":true,"href":"https:\/\/alpradio.com\/fr\/wp-json\/wp\/v2\/categories?post=9169"},{"taxonomy":"post_tag","embeddable":true,"href":"https:\/\/alpradio.com\/fr\/wp-json\/wp\/v2\/tags?post=9169"}],"curies":[{"name":"wp","href":"https:\/\/api.w.org\/{rel}","templated":true}]}}