{"id":9193,"date":"2019-01-06T16:59:23","date_gmt":"2019-01-06T15:59:23","guid":{"rendered":"http:\/\/alpradio.com\/fr\/?p=9193"},"modified":"2019-01-06T17:00:32","modified_gmt":"2019-01-06T16:00:32","slug":"lolo","status":"publish","type":"post","link":"https:\/\/alpradio.com\/fr\/lolo\/","title":{"rendered":"LOLO"},"content":{"rendered":"<p><strong>LoLo<\/strong> est un artiste suisse bas\u00e9 \u00e0 Gen\u00e8ve. Multi-instrumentiste, compositeur et auteur, il d\u00e9bute en tant que saxophoniste dans le monde du jazz. Sa curiosit\u00e9 le pousse \u00e0 s\u2019essayer \u00e0 plusieurs instruments dont le piano, la guitare, la basse, la batterie, le steel drum puis le chant. Touchant \u00e0 des styles aussi vari\u00e9s que le reggae, le zouk, le funk et le jazz et apr\u00e8s avoir compos\u00e9 pour divers groupes, il d\u00e9cide plus r\u00e9cemment de d\u00e9marrer une nouvelle aventure en solo dans le monde de la pop.<\/p>\n<p>C\u2019est ainsi que Lolo compose ses premiers titres en solo avec le lancement de son premier single en novembre 2018 \u00ab\u00a0The End of my Time\u00a0\u00bb.<\/p>\n<p><a href=\"http:\/\/www.facebook.com\/lolo.loloproduction\">www.facebook.com\/lolo.loloproduction<\/a><\/p>\n","protected":false},"excerpt":{"rendered":"<p>LoLo est un artiste suisse bas\u00e9 \u00e0 Gen\u00e8ve. Multi-instrumentiste, compositeur et auteur, il d\u00e9bute en tant que saxophoniste dans le monde du jazz. Sa curiosit\u00e9 le pousse \u00e0 s\u2019essayer \u00e0 plusieurs instruments dont le piano, la guitare, la basse, la batterie, le steel drum puis le chant. Touchant \u00e0 des styles aussi vari\u00e9s que le reggae, le zouk, le funk et le jazz et apr\u00e8s [&hellip;]<\/p>\n","protected":false},"author":2,"featured_media":9196,"comment_status":"open","ping_status":"closed","sticky":false,"template":"","format":"standard","meta":{"footnotes":""},"categories":[8],"tags":[],"class_list":["post-9193","post","type-post","status-publish","format-standard","has-post-thumbnail","hentry","category-entrees-en-playlist"],"_links":{"self":[{"href":"https:\/\/alpradio.com\/fr\/wp-json\/wp\/v2\/posts\/9193","targetHints":{"allow":["GET"]}}],"collection":[{"href":"https:\/\/alpradio.com\/fr\/wp-json\/wp\/v2\/posts"}],"about":[{"href":"https:\/\/alpradio.com\/fr\/wp-json\/wp\/v2\/types\/post"}],"author":[{"embeddable":true,"href":"https:\/\/alpradio.com\/fr\/wp-json\/wp\/v2\/users\/2"}],"replies":[{"embeddable":true,"href":"https:\/\/alpradio.com\/fr\/wp-json\/wp\/v2\/comments?post=9193"}],"version-history":[{"count":2,"href":"https:\/\/alpradio.com\/fr\/wp-json\/wp\/v2\/posts\/9193\/revisions"}],"predecessor-version":[{"id":9197,"href":"https:\/\/alpradio.com\/fr\/wp-json\/wp\/v2\/posts\/9193\/revisions\/9197"}],"wp:featuredmedia":[{"embeddable":true,"href":"https:\/\/alpradio.com\/fr\/wp-json\/wp\/v2\/media\/9196"}],"wp:attachment":[{"href":"https:\/\/alpradio.com\/fr\/wp-json\/wp\/v2\/media?parent=9193"}],"wp:term":[{"taxonomy":"category","embeddable":true,"href":"https:\/\/alpradio.com\/fr\/wp-json\/wp\/v2\/categories?post=9193"},{"taxonomy":"post_tag","embeddable":true,"href":"https:\/\/alpradio.com\/fr\/wp-json\/wp\/v2\/tags?post=9193"}],"curies":[{"name":"wp","href":"https:\/\/api.w.org\/{rel}","templated":true}]}}