{"id":9198,"date":"2019-01-06T17:02:43","date_gmt":"2019-01-06T16:02:43","guid":{"rendered":"http:\/\/alpradio.com\/fr\/?p=9198"},"modified":"2019-01-06T17:02:43","modified_gmt":"2019-01-06T16:02:43","slug":"volver-2","status":"publish","type":"post","link":"https:\/\/alpradio.com\/fr\/volver-2\/","title":{"rendered":"VOLVER"},"content":{"rendered":"<p>L\u2019univers de <strong>Volver<\/strong>, c\u2019est latin, c&rsquo;est jazz, avec des textes un peu d\u00e9cal\u00e9s, le plus souvent en fran\u00e7ais, un m\u00e9lange d\u2019humour et de sentiments. Le sud dans vos oreilles\u2026 une musique qui donne une folle envie de bouger \ud83d\ude42<\/p>\n<p>Le morceau \u00ab\u00a0L\u2019\u00e9toile Filante\u00a0\u00bb du nouvel album \u00ab\u00a0Tierra\u00a0\u00bb prend place dans notre playlist !<\/p>\n<p><a href=\"http:\/\/www.music-volver.com\">www.music-volver.com<\/a><\/p>\n","protected":false},"excerpt":{"rendered":"<p>L\u2019univers de Volver, c\u2019est latin, c&rsquo;est jazz, avec des textes un peu d\u00e9cal\u00e9s, le plus souvent en fran\u00e7ais, un m\u00e9lange d\u2019humour et de sentiments. Le sud dans vos oreilles\u2026 une musique qui donne une folle envie de bouger \ud83d\ude42 Le morceau \u00ab\u00a0L\u2019\u00e9toile Filante\u00a0\u00bb du nouvel album \u00ab\u00a0Tierra\u00a0\u00bb prend place dans notre playlist ! www.music-volver.com<\/p>\n","protected":false},"author":2,"featured_media":9199,"comment_status":"open","ping_status":"closed","sticky":false,"template":"","format":"standard","meta":{"footnotes":""},"categories":[8],"tags":[],"class_list":["post-9198","post","type-post","status-publish","format-standard","has-post-thumbnail","hentry","category-entrees-en-playlist"],"_links":{"self":[{"href":"https:\/\/alpradio.com\/fr\/wp-json\/wp\/v2\/posts\/9198","targetHints":{"allow":["GET"]}}],"collection":[{"href":"https:\/\/alpradio.com\/fr\/wp-json\/wp\/v2\/posts"}],"about":[{"href":"https:\/\/alpradio.com\/fr\/wp-json\/wp\/v2\/types\/post"}],"author":[{"embeddable":true,"href":"https:\/\/alpradio.com\/fr\/wp-json\/wp\/v2\/users\/2"}],"replies":[{"embeddable":true,"href":"https:\/\/alpradio.com\/fr\/wp-json\/wp\/v2\/comments?post=9198"}],"version-history":[{"count":1,"href":"https:\/\/alpradio.com\/fr\/wp-json\/wp\/v2\/posts\/9198\/revisions"}],"predecessor-version":[{"id":9200,"href":"https:\/\/alpradio.com\/fr\/wp-json\/wp\/v2\/posts\/9198\/revisions\/9200"}],"wp:featuredmedia":[{"embeddable":true,"href":"https:\/\/alpradio.com\/fr\/wp-json\/wp\/v2\/media\/9199"}],"wp:attachment":[{"href":"https:\/\/alpradio.com\/fr\/wp-json\/wp\/v2\/media?parent=9198"}],"wp:term":[{"taxonomy":"category","embeddable":true,"href":"https:\/\/alpradio.com\/fr\/wp-json\/wp\/v2\/categories?post=9198"},{"taxonomy":"post_tag","embeddable":true,"href":"https:\/\/alpradio.com\/fr\/wp-json\/wp\/v2\/tags?post=9198"}],"curies":[{"name":"wp","href":"https:\/\/api.w.org\/{rel}","templated":true}]}}