{"id":9201,"date":"2019-01-06T17:05:18","date_gmt":"2019-01-06T16:05:18","guid":{"rendered":"http:\/\/alpradio.com\/fr\/?p=9201"},"modified":"2019-01-06T17:06:58","modified_gmt":"2019-01-06T16:06:58","slug":"marquise-fair","status":"publish","type":"post","link":"https:\/\/alpradio.com\/fr\/marquise-fair\/","title":{"rendered":"MARQUISE FAIR"},"content":{"rendered":"<p>\u00c0 l&rsquo;\u00e2ge de 5 ans, <strong>Marquise<\/strong> a trouv\u00e9 son amour pour le chant lors des offices du dimanche. Dans son adolescence, cette passion s&rsquo;est transform\u00e9e en composition dans la chambre de sa maison d&rsquo;enfance \u00e0 Miami. Il est maintenant chanteur, compositeur et musicien autodidacte. La musique a toujours \u00e9t\u00e9 une partie importante de sa vie, bien que principalement comme passe-temps. Ce n\u2019est pas avant 2012 qu\u2019il a pris une tournure professionnelle.<\/p>\n<p>Depuis lors, Marquise a parcouru l&rsquo;Europe et les \u00c9tats-Unis avec des chansons originales. Il a \u00e9t\u00e9 l&rsquo;artiste d&rsquo;ouverture du chanteur et compositeur anglais Charlie Winston au Villars Music Festival 2016 \u00e0 Villars-Sur-Ollon. Il travaille actuellement \u00e0 la finalisation de son premier album de neuf chansons.<\/p>\n<p>En attendant, \u00ab\u00a0Love Can Be\u00a0\u00bb d\u00e9barque dans notre playlist !<\/p>\n<p><a href=\"http:\/\/www.marquisefair.org\">www.marquisefair.org<\/a><\/p>\n","protected":false},"excerpt":{"rendered":"<p>\u00c0 l&rsquo;\u00e2ge de 5 ans, Marquise a trouv\u00e9 son amour pour le chant lors des offices du dimanche. Dans son adolescence, cette passion s&rsquo;est transform\u00e9e en composition dans la chambre de sa maison d&rsquo;enfance \u00e0 Miami. Il est maintenant chanteur, compositeur et musicien autodidacte. La musique a toujours \u00e9t\u00e9 une partie importante de sa vie, bien que principalement comme passe-temps. Ce n\u2019est pas avant 2012 [&hellip;]<\/p>\n","protected":false},"author":2,"featured_media":9204,"comment_status":"open","ping_status":"closed","sticky":false,"template":"","format":"standard","meta":{"footnotes":""},"categories":[8],"tags":[],"class_list":["post-9201","post","type-post","status-publish","format-standard","has-post-thumbnail","hentry","category-entrees-en-playlist"],"_links":{"self":[{"href":"https:\/\/alpradio.com\/fr\/wp-json\/wp\/v2\/posts\/9201","targetHints":{"allow":["GET"]}}],"collection":[{"href":"https:\/\/alpradio.com\/fr\/wp-json\/wp\/v2\/posts"}],"about":[{"href":"https:\/\/alpradio.com\/fr\/wp-json\/wp\/v2\/types\/post"}],"author":[{"embeddable":true,"href":"https:\/\/alpradio.com\/fr\/wp-json\/wp\/v2\/users\/2"}],"replies":[{"embeddable":true,"href":"https:\/\/alpradio.com\/fr\/wp-json\/wp\/v2\/comments?post=9201"}],"version-history":[{"count":2,"href":"https:\/\/alpradio.com\/fr\/wp-json\/wp\/v2\/posts\/9201\/revisions"}],"predecessor-version":[{"id":9205,"href":"https:\/\/alpradio.com\/fr\/wp-json\/wp\/v2\/posts\/9201\/revisions\/9205"}],"wp:featuredmedia":[{"embeddable":true,"href":"https:\/\/alpradio.com\/fr\/wp-json\/wp\/v2\/media\/9204"}],"wp:attachment":[{"href":"https:\/\/alpradio.com\/fr\/wp-json\/wp\/v2\/media?parent=9201"}],"wp:term":[{"taxonomy":"category","embeddable":true,"href":"https:\/\/alpradio.com\/fr\/wp-json\/wp\/v2\/categories?post=9201"},{"taxonomy":"post_tag","embeddable":true,"href":"https:\/\/alpradio.com\/fr\/wp-json\/wp\/v2\/tags?post=9201"}],"curies":[{"name":"wp","href":"https:\/\/api.w.org\/{rel}","templated":true}]}}