{"id":9206,"date":"2019-01-06T17:09:34","date_gmt":"2019-01-06T16:09:34","guid":{"rendered":"http:\/\/alpradio.com\/fr\/?p=9206"},"modified":"2019-01-06T17:09:34","modified_gmt":"2019-01-06T16:09:34","slug":"felloz","status":"publish","type":"post","link":"https:\/\/alpradio.com\/fr\/felloz\/","title":{"rendered":"FELL&rsquo;OZ"},"content":{"rendered":"<p><strong>Fell\u2019Oz<\/strong> est un groupe suisse de punk-rock\/alternatif, originaire de Gen\u00e8ve. Joe, un guitariste fou et Parik, une batteuse du tonnerre fondent le groupe en 2011.<\/p>\n<p>Apr\u00e8s une p\u00e9riode trouble o\u00f9 chanteurs et bassistes s\u2019encha\u00eenent, le groupe sort son premier morceau \u00ab Not Enough \u00bb en 2016 avec l\u2019arriv\u00e9e de J\u00e9r\u00e9my \u00e0 la guitare et fait ses premiers concerts. Depuis, le groupe a sorti un nouveau morceau en octobre 2018, \u00ab\u00a0Straight to a Nowhere\u2019s Land\u00a0\u00bb et se compose en plus de Florian au chant et de Joaquim \u00e0 la basse.<\/p>\n<p>2019 am\u00e8nera avec elle plein de r\u00e9jouissances comme notamment: une programmation pendant le Festival Antigel le 7 f\u00e9vrier \u00e0 Gen\u00e8ve et l&rsquo;enregistrement d&rsquo;un EP.<\/p>\n<p><a href=\"http:\/\/www.facebook.com\/fellozmusic\">www.facebook.com\/fellozmusic<\/a><\/p>\n","protected":false},"excerpt":{"rendered":"<p>Fell\u2019Oz est un groupe suisse de punk-rock\/alternatif, originaire de Gen\u00e8ve. Joe, un guitariste fou et Parik, une batteuse du tonnerre fondent le groupe en 2011. Apr\u00e8s une p\u00e9riode trouble o\u00f9 chanteurs et bassistes s\u2019encha\u00eenent, le groupe sort son premier morceau \u00ab Not Enough \u00bb en 2016 avec l\u2019arriv\u00e9e de J\u00e9r\u00e9my \u00e0 la guitare et fait ses premiers concerts. Depuis, le groupe a sorti un nouveau [&hellip;]<\/p>\n","protected":false},"author":2,"featured_media":9207,"comment_status":"open","ping_status":"closed","sticky":false,"template":"","format":"standard","meta":{"footnotes":""},"categories":[8],"tags":[],"class_list":["post-9206","post","type-post","status-publish","format-standard","has-post-thumbnail","hentry","category-entrees-en-playlist"],"_links":{"self":[{"href":"https:\/\/alpradio.com\/fr\/wp-json\/wp\/v2\/posts\/9206","targetHints":{"allow":["GET"]}}],"collection":[{"href":"https:\/\/alpradio.com\/fr\/wp-json\/wp\/v2\/posts"}],"about":[{"href":"https:\/\/alpradio.com\/fr\/wp-json\/wp\/v2\/types\/post"}],"author":[{"embeddable":true,"href":"https:\/\/alpradio.com\/fr\/wp-json\/wp\/v2\/users\/2"}],"replies":[{"embeddable":true,"href":"https:\/\/alpradio.com\/fr\/wp-json\/wp\/v2\/comments?post=9206"}],"version-history":[{"count":1,"href":"https:\/\/alpradio.com\/fr\/wp-json\/wp\/v2\/posts\/9206\/revisions"}],"predecessor-version":[{"id":9208,"href":"https:\/\/alpradio.com\/fr\/wp-json\/wp\/v2\/posts\/9206\/revisions\/9208"}],"wp:featuredmedia":[{"embeddable":true,"href":"https:\/\/alpradio.com\/fr\/wp-json\/wp\/v2\/media\/9207"}],"wp:attachment":[{"href":"https:\/\/alpradio.com\/fr\/wp-json\/wp\/v2\/media?parent=9206"}],"wp:term":[{"taxonomy":"category","embeddable":true,"href":"https:\/\/alpradio.com\/fr\/wp-json\/wp\/v2\/categories?post=9206"},{"taxonomy":"post_tag","embeddable":true,"href":"https:\/\/alpradio.com\/fr\/wp-json\/wp\/v2\/tags?post=9206"}],"curies":[{"name":"wp","href":"https:\/\/api.w.org\/{rel}","templated":true}]}}