{"id":9215,"date":"2019-01-14T00:09:13","date_gmt":"2019-01-13T23:09:13","guid":{"rendered":"http:\/\/alpradio.com\/fr\/?p=9215"},"modified":"2019-01-14T00:09:13","modified_gmt":"2019-01-13T23:09:13","slug":"bankrupt","status":"publish","type":"post","link":"https:\/\/alpradio.com\/fr\/bankrupt\/","title":{"rendered":"BANKRUPT"},"content":{"rendered":"<p><strong>Bankrupt<\/strong>, c\u2019est 6 amis li\u00e9s par l\u2019amour de la musique, les deux pieds dans un rock bien actuel avec une touche vintage. Bankrupt est form\u00e9 en 2003 dans le canton de Fribourg (Suisse) suite \u00e0 la rencontre de Fred, Vlad et Adrien. Amateurs de rock vintage et Guitar Heroes, Fred, le guitariste, v\u00e9ritable leader du groupe, Adrien, le bassiste, et Vladimir, le guitariste se sont alors dirig\u00e9s vers un style plus personnalis\u00e9 avec Xavier au saxophone et harmonica, Florian M. au synth\u00e9 et Florian R. comme batteur. Ensemble, nous encha\u00eenons les r\u00e9p\u00e9titions ainsi que les concerts en Suisse Romande. Nous cr\u00e9ons nos propres compositions et nous reprenons les tubes de nos groupes pr\u00e9f\u00e9r\u00e9s&#8230; de rock \u00e9videmment ! Nirvana, AC\/DC, OneRepublic, Dire Straits et bien d&rsquo;autres !<\/p>\n<p>Les m\u00e9lodies de saxophone et d\u2019harmonica distill\u00e9es au gr\u00e9 des compositions am\u00e8nent un plus et une originalit\u00e9 au groupe, ce qui le rend unique ! Teint\u00e9e de blues et de funk, leur musique ne laisse personne indiff\u00e9rent.<\/p>\n<p>Le EP \u00ab\u00a0Rising in the Sky\u00a0\u00bb entre en playlist avec les morceaux \u00ab\u00a0That Was Our Way\u00a0\u00bb, \u00ab\u00a0Rising in the Sky\u00a0\u00bb et \u00ab\u00a0Drive to Paradise\u00a0\u00bb \ud83d\ude42<\/p>\n<p><a href=\"http:\/\/www.bankrupt.ch\">www.bankrupt.ch<\/a><\/p>\n","protected":false},"excerpt":{"rendered":"<p>Bankrupt, c\u2019est 6 amis li\u00e9s par l\u2019amour de la musique, les deux pieds dans un rock bien actuel avec une touche vintage. Bankrupt est form\u00e9 en 2003 dans le canton de Fribourg (Suisse) suite \u00e0 la rencontre de Fred, Vlad et Adrien. Amateurs de rock vintage et Guitar Heroes, Fred, le guitariste, v\u00e9ritable leader du groupe, Adrien, le bassiste, et Vladimir, le guitariste se sont [&hellip;]<\/p>\n","protected":false},"author":2,"featured_media":9216,"comment_status":"open","ping_status":"closed","sticky":false,"template":"","format":"standard","meta":{"footnotes":""},"categories":[8],"tags":[],"class_list":["post-9215","post","type-post","status-publish","format-standard","has-post-thumbnail","hentry","category-entrees-en-playlist"],"_links":{"self":[{"href":"https:\/\/alpradio.com\/fr\/wp-json\/wp\/v2\/posts\/9215","targetHints":{"allow":["GET"]}}],"collection":[{"href":"https:\/\/alpradio.com\/fr\/wp-json\/wp\/v2\/posts"}],"about":[{"href":"https:\/\/alpradio.com\/fr\/wp-json\/wp\/v2\/types\/post"}],"author":[{"embeddable":true,"href":"https:\/\/alpradio.com\/fr\/wp-json\/wp\/v2\/users\/2"}],"replies":[{"embeddable":true,"href":"https:\/\/alpradio.com\/fr\/wp-json\/wp\/v2\/comments?post=9215"}],"version-history":[{"count":2,"href":"https:\/\/alpradio.com\/fr\/wp-json\/wp\/v2\/posts\/9215\/revisions"}],"predecessor-version":[{"id":9218,"href":"https:\/\/alpradio.com\/fr\/wp-json\/wp\/v2\/posts\/9215\/revisions\/9218"}],"wp:featuredmedia":[{"embeddable":true,"href":"https:\/\/alpradio.com\/fr\/wp-json\/wp\/v2\/media\/9216"}],"wp:attachment":[{"href":"https:\/\/alpradio.com\/fr\/wp-json\/wp\/v2\/media?parent=9215"}],"wp:term":[{"taxonomy":"category","embeddable":true,"href":"https:\/\/alpradio.com\/fr\/wp-json\/wp\/v2\/categories?post=9215"},{"taxonomy":"post_tag","embeddable":true,"href":"https:\/\/alpradio.com\/fr\/wp-json\/wp\/v2\/tags?post=9215"}],"curies":[{"name":"wp","href":"https:\/\/api.w.org\/{rel}","templated":true}]}}