{"id":9226,"date":"2019-01-20T22:32:06","date_gmt":"2019-01-20T21:32:06","guid":{"rendered":"http:\/\/alpradio.com\/fr\/?p=9226"},"modified":"2019-01-20T22:32:06","modified_gmt":"2019-01-20T21:32:06","slug":"johanna-rittiner-sermier","status":"publish","type":"post","link":"https:\/\/alpradio.com\/fr\/johanna-rittiner-sermier\/","title":{"rendered":"JOHANNA RITTINER SERMIER"},"content":{"rendered":"<p>Guitariste autodidacte,<strong> Johanna Rittiner Sermier<\/strong> compose blues &#8211; folk &#8211; rock &#8211; chanson fran\u00e7aise \u2013 exp\u00e9rimentations lyrique et cumule trois albums sous le label RKO Records de Lyon. Elle compte \u00e0 ce jour plus de 250 concerts de musique actuelle. Un album nomm\u00e9 \u00ab\u00a0Per Hominis\u00a0\u00bb sort en d\u00e9cembre 2018 et trois albums sont actuellement en cours d&rsquo;enregistrement.<\/p>\n<p>Justement le morceau \u00ab\u00a0Per Hominis\u00a0\u00bb qui porte le m\u00eame nom que l\u2019album, entre en playlist \ud83d\ude42<\/p>\n<p><a href=\"http:\/\/www.johannarittiner.com\">www.johannarittiner.com<\/a><\/p>\n","protected":false},"excerpt":{"rendered":"<p>Guitariste autodidacte, Johanna Rittiner Sermier compose blues &#8211; folk &#8211; rock &#8211; chanson fran\u00e7aise \u2013 exp\u00e9rimentations lyrique et cumule trois albums sous le label RKO Records de Lyon. Elle compte \u00e0 ce jour plus de 250 concerts de musique actuelle. Un album nomm\u00e9 \u00ab\u00a0Per Hominis\u00a0\u00bb sort en d\u00e9cembre 2018 et trois albums sont actuellement en cours d&rsquo;enregistrement. Justement le morceau \u00ab\u00a0Per Hominis\u00a0\u00bb qui porte le [&hellip;]<\/p>\n","protected":false},"author":2,"featured_media":9227,"comment_status":"open","ping_status":"closed","sticky":false,"template":"","format":"standard","meta":{"footnotes":""},"categories":[8],"tags":[],"class_list":["post-9226","post","type-post","status-publish","format-standard","has-post-thumbnail","hentry","category-entrees-en-playlist"],"_links":{"self":[{"href":"https:\/\/alpradio.com\/fr\/wp-json\/wp\/v2\/posts\/9226","targetHints":{"allow":["GET"]}}],"collection":[{"href":"https:\/\/alpradio.com\/fr\/wp-json\/wp\/v2\/posts"}],"about":[{"href":"https:\/\/alpradio.com\/fr\/wp-json\/wp\/v2\/types\/post"}],"author":[{"embeddable":true,"href":"https:\/\/alpradio.com\/fr\/wp-json\/wp\/v2\/users\/2"}],"replies":[{"embeddable":true,"href":"https:\/\/alpradio.com\/fr\/wp-json\/wp\/v2\/comments?post=9226"}],"version-history":[{"count":1,"href":"https:\/\/alpradio.com\/fr\/wp-json\/wp\/v2\/posts\/9226\/revisions"}],"predecessor-version":[{"id":9228,"href":"https:\/\/alpradio.com\/fr\/wp-json\/wp\/v2\/posts\/9226\/revisions\/9228"}],"wp:featuredmedia":[{"embeddable":true,"href":"https:\/\/alpradio.com\/fr\/wp-json\/wp\/v2\/media\/9227"}],"wp:attachment":[{"href":"https:\/\/alpradio.com\/fr\/wp-json\/wp\/v2\/media?parent=9226"}],"wp:term":[{"taxonomy":"category","embeddable":true,"href":"https:\/\/alpradio.com\/fr\/wp-json\/wp\/v2\/categories?post=9226"},{"taxonomy":"post_tag","embeddable":true,"href":"https:\/\/alpradio.com\/fr\/wp-json\/wp\/v2\/tags?post=9226"}],"curies":[{"name":"wp","href":"https:\/\/api.w.org\/{rel}","templated":true}]}}