{"id":9236,"date":"2019-01-20T22:40:11","date_gmt":"2019-01-20T21:40:11","guid":{"rendered":"http:\/\/alpradio.com\/fr\/?p=9236"},"modified":"2019-01-20T22:40:11","modified_gmt":"2019-01-20T21:40:11","slug":"climax-2","status":"publish","type":"post","link":"https:\/\/alpradio.com\/fr\/climax-2\/","title":{"rendered":"CLIMAX"},"content":{"rendered":"<p>Doors survolt\u00e9s ou Hives de pacotille, Rapha\u00ebl Noir et ses amis se r\u00e9clament encore et toujours du british-rock de leurs d\u00e9buts, mais c&rsquo;est d\u00e9sormais principalement en fran\u00e7ais qu&rsquo;ils questionnent l&rsquo;homme de demain, \u00e0 coups de guitares graisseuses et de Vocoder \u00e0 paillettes. Comme s&rsquo;il n&rsquo;y avait qu&rsquo;en \u00e9tant des anti-h\u00e9ros de leurs propres mythes qu&rsquo;ils leur rendaient vraiment hommage.<\/p>\n<p>Le 28 janvier 2019, les cinq gentlemen de Climax \u00e9pinglent un quatri\u00e8me album \u00e0 leur boutonni\u00e8re : l\u2019homme de demain. \u00ab\u00a0Love\u00a0\u00bb, le premier single prend place dans notre playlist mais aussi \u00ab\u00a0Fela Kitty\u00a0\u00bb et \u00ab\u00a0Sans les mains\u00a0\u00bb \ud83d\ude42<\/p>\n<p>Ils vernissent l\u2019album le 26 janvier au Kremlin de Monthey !<\/p>\n<p><a href=\"http:\/\/www.climaxmusic.ch\">www.climaxmusic.ch<\/a><\/p>\n","protected":false},"excerpt":{"rendered":"<p>Doors survolt\u00e9s ou Hives de pacotille, Rapha\u00ebl Noir et ses amis se r\u00e9clament encore et toujours du british-rock de leurs d\u00e9buts, mais c&rsquo;est d\u00e9sormais principalement en fran\u00e7ais qu&rsquo;ils questionnent l&rsquo;homme de demain, \u00e0 coups de guitares graisseuses et de Vocoder \u00e0 paillettes. Comme s&rsquo;il n&rsquo;y avait qu&rsquo;en \u00e9tant des anti-h\u00e9ros de leurs propres mythes qu&rsquo;ils leur rendaient vraiment hommage. Le 28 janvier 2019, les cinq [&hellip;]<\/p>\n","protected":false},"author":2,"featured_media":9237,"comment_status":"open","ping_status":"closed","sticky":false,"template":"","format":"standard","meta":{"footnotes":""},"categories":[8],"tags":[],"class_list":["post-9236","post","type-post","status-publish","format-standard","has-post-thumbnail","hentry","category-entrees-en-playlist"],"_links":{"self":[{"href":"https:\/\/alpradio.com\/fr\/wp-json\/wp\/v2\/posts\/9236","targetHints":{"allow":["GET"]}}],"collection":[{"href":"https:\/\/alpradio.com\/fr\/wp-json\/wp\/v2\/posts"}],"about":[{"href":"https:\/\/alpradio.com\/fr\/wp-json\/wp\/v2\/types\/post"}],"author":[{"embeddable":true,"href":"https:\/\/alpradio.com\/fr\/wp-json\/wp\/v2\/users\/2"}],"replies":[{"embeddable":true,"href":"https:\/\/alpradio.com\/fr\/wp-json\/wp\/v2\/comments?post=9236"}],"version-history":[{"count":1,"href":"https:\/\/alpradio.com\/fr\/wp-json\/wp\/v2\/posts\/9236\/revisions"}],"predecessor-version":[{"id":9238,"href":"https:\/\/alpradio.com\/fr\/wp-json\/wp\/v2\/posts\/9236\/revisions\/9238"}],"wp:featuredmedia":[{"embeddable":true,"href":"https:\/\/alpradio.com\/fr\/wp-json\/wp\/v2\/media\/9237"}],"wp:attachment":[{"href":"https:\/\/alpradio.com\/fr\/wp-json\/wp\/v2\/media?parent=9236"}],"wp:term":[{"taxonomy":"category","embeddable":true,"href":"https:\/\/alpradio.com\/fr\/wp-json\/wp\/v2\/categories?post=9236"},{"taxonomy":"post_tag","embeddable":true,"href":"https:\/\/alpradio.com\/fr\/wp-json\/wp\/v2\/tags?post=9236"}],"curies":[{"name":"wp","href":"https:\/\/api.w.org\/{rel}","templated":true}]}}